{"id":2754,"date":"2020-06-03T14:25:24","date_gmt":"2020-06-03T13:25:24","guid":{"rendered":"http:\/\/consuladobarcelona.gob.ve\/webalterna\/?p=2754"},"modified":"2020-06-03T14:51:46","modified_gmt":"2020-06-03T13:51:46","slug":"gobierno-de-venezuela-y-sector-opositor-suscriben-acuerdo-para-luchar-contra-el-covid-19-cuando-los-casos-ascienden-a-1-819","status":"publish","type":"post","link":"https:\/\/consuladobarcelona.gob.ve\/webalterna\/gobierno-de-venezuela-y-sector-opositor-suscriben-acuerdo-para-luchar-contra-el-covid-19-cuando-los-casos-ascienden-a-1-819\/","title":{"rendered":"Gobierno de Venezuela y sector opositor suscriben acuerdo para luchar contra el COVID-19 cuando los casos ascienden a 1.819"},"content":{"rendered":"<p>El Gobierno de la Rep\u00fablica Bolivariana de Venezuela y factores de la oposici\u00f3n suscribieron un convenio de colaboraci\u00f3n con el objetivo de luchar mancomunadamente contra el COVID-19, inform\u00f3 este martes el vicepresidente sectorial de Comunicaci\u00f3n, Turismo y Cultura, Jorge Rodr\u00edguez.<\/p>\n<p>\u201cTodo lo que se pueda hacer, todo lo que el presidente Maduro y el Gobierno Bolivariano puedan hacer para fortalecer el combate contra el COVID-19, no tengan ninguna duda de que lo haremos\u201d, enfatiz\u00f3 el vicepresidente en una declaraci\u00f3n desde el Palacio de Miraflores en Caracas.<\/p>\n<p>El acuerdo fue rubricado por el ministro del Poder Popular para la Salud, Carlos Alvarado; el doctor Julio Castro, asesor de la oposici\u00f3n venezolana; y el doctor Gerardo de Coscio, representante de la Organizaci\u00f3n Panamericana de la Salud (OPS) en Venezuela.<\/p>\n<p>El canciller de la Rep\u00fablica, Jorge Arreaza, celebr\u00f3 la firma del convenio y afirm\u00f3 que est\u00e1 \u201cla salud del Pueblo por encima de cualquier diferencia\u201d.<\/p>\n<p>\u201cBuenas noticias para todos. El Gobierno Bolivariano de Venezuela y un sector del G-4 [coalici\u00f3n opositora que agrupa a cuatro organizaciones pol\u00edticas] de la oposici\u00f3n firman un acuerdo para coordinar acciones conjuntas y procurar financiamiento para atender la pandemia del COVID-19. La salud del Pueblo por encima de cualquier diferencia\u201d, precis\u00f3 el diplom\u00e1tico en su cuenta en Twitter @jaarreaza.<\/p>\n<p>El Gobierno venezolano, hasta este martes, ha confirmado 1.819 casos de COVID-19 en todo el pa\u00eds.<\/p>\n<p>Jorge Rodr\u00edguez precis\u00f3 que se reportan este martes seis casos que responden a transmisi\u00f3n comunitaria y 150 importados.\u00a0De estos 150 casos, 9 se generaron por \u00a0contacto con viajero internacional (Colombia); 136 connacionales procedentes de Colombia; 3 de Ecuador y 2 compatriotas procedentes de Per\u00fa.<\/p>\n<p>De los 1.819 contagios que registra el pa\u00eds hasta el d\u00eda de hoy, 334 corresponden a personas que se han recuperado; 977 se encuentran en hospitales centinelas; 475 se encuentran en Centros de Diagn\u00f3stico Integral (CDI); 15 en cl\u00ednicas privadas y 18 fallecidos, con una tasa de letalidad que registra Venezuela de menos del 1 por ciento, precis\u00f3 el Vicepresidente Sectorial.<\/p>\n<p>En torno al ingreso de venezolanos por la frontera, al d\u00eda de hoy \u2013 detall\u00f3 el funcionario venezolano \u2013 han entrado al pa\u00eds 53 mil 789 connacionales.<\/p>\n<p>El vicepresidente Rodr\u00edguez se\u00f1al\u00f3 que hasta la fecha se han aplicado en el pa\u00eds 987 mil 902 pruebas r\u00e1pidas para el despistaje de la enfermedad, lo que ubica a la naci\u00f3n suramericana como el pa\u00eds con m\u00e1s tests aplicados en Am\u00e9rica Latina y el Caribe.<\/p>\n<p>&nbsp;<\/p>\n","protected":false},"excerpt":{"rendered":"<p>El Gobierno de la Rep\u00fablica Bolivariana de Venezuela y factores de la oposici\u00f3n suscribieron un convenio de colaboraci\u00f3n con el objetivo de luchar mancomunadamente contra el COVID-19, inform\u00f3 este martes el vicepresidente sectorial de Comunicaci\u00f3n, Turismo y Cultura, Jorge Rodr\u00edguez. \u201cTodo lo que se pueda hacer, todo lo que el presidente Maduro y el Gobierno\u2026 <span class=\"read-more\"><a href=\"https:\/\/consuladobarcelona.gob.ve\/webalterna\/gobierno-de-venezuela-y-sector-opositor-suscriben-acuerdo-para-luchar-contra-el-covid-19-cuando-los-casos-ascienden-a-1-819\/\">Leer m\u00e1s &raquo;<\/a><\/span><\/p>\n","protected":false},"author":3,"featured_media":2755,"comment_status":"closed","ping_status":"closed","sticky":false,"template":"","format":"standard","meta":{"footnotes":""},"categories":[5],"tags":[],"class_list":["post-2754","post","type-post","status-publish","format-standard","has-post-thumbnail","hentry","category-noticias"],"_links":{"self":[{"href":"https:\/\/consuladobarcelona.gob.ve\/webalterna\/wp-json\/wp\/v2\/posts\/2754","targetHints":{"allow":["GET"]}}],"collection":[{"href":"https:\/\/consuladobarcelona.gob.ve\/webalterna\/wp-json\/wp\/v2\/posts"}],"about":[{"href":"https:\/\/consuladobarcelona.gob.ve\/webalterna\/wp-json\/wp\/v2\/types\/post"}],"author":[{"embeddable":true,"href":"https:\/\/consuladobarcelona.gob.ve\/webalterna\/wp-json\/wp\/v2\/users\/3"}],"replies":[{"embeddable":true,"href":"https:\/\/consuladobarcelona.gob.ve\/webalterna\/wp-json\/wp\/v2\/comments?post=2754"}],"version-history":[{"count":1,"href":"https:\/\/consuladobarcelona.gob.ve\/webalterna\/wp-json\/wp\/v2\/posts\/2754\/revisions"}],"predecessor-version":[{"id":2756,"href":"https:\/\/consuladobarcelona.gob.ve\/webalterna\/wp-json\/wp\/v2\/posts\/2754\/revisions\/2756"}],"wp:featuredmedia":[{"embeddable":true,"href":"https:\/\/consuladobarcelona.gob.ve\/webalterna\/wp-json\/wp\/v2\/media\/2755"}],"wp:attachment":[{"href":"https:\/\/consuladobarcelona.gob.ve\/webalterna\/wp-json\/wp\/v2\/media?parent=2754"}],"wp:term":[{"taxonomy":"category","embeddable":true,"href":"https:\/\/consuladobarcelona.gob.ve\/webalterna\/wp-json\/wp\/v2\/categories?post=2754"},{"taxonomy":"post_tag","embeddable":true,"href":"https:\/\/consuladobarcelona.gob.ve\/webalterna\/wp-json\/wp\/v2\/tags?post=2754"}],"curies":[{"name":"wp","href":"https:\/\/api.w.org\/{rel}","templated":true}]}}