{"id":2726,"date":"2020-05-24T22:42:44","date_gmt":"2020-05-24T21:42:44","guid":{"rendered":"http:\/\/consuladobarcelona.gob.ve\/webalterna\/?p=2726"},"modified":"2020-05-24T22:42:44","modified_gmt":"2020-05-24T21:42:44","slug":"coronavirus-casos-de-covid-19-ascienden-a-1-010-en-venezuela-tras-detectar-66-nuevas-infecciones","status":"publish","type":"post","link":"https:\/\/consuladobarcelona.gob.ve\/webalterna\/coronavirus-casos-de-covid-19-ascienden-a-1-010-en-venezuela-tras-detectar-66-nuevas-infecciones\/","title":{"rendered":"CORONAVIRUS | Casos de COVID-19 ascienden a 1.010 en Venezuela tras detectar 66 nuevas infecciones"},"content":{"rendered":"<p>\u201cQueremos informar que en las \u00faltimas 24 horas se han registrado en todo el territorio nacional 6 casos de transmisi\u00f3n comunitaria (\u2026) -y tambi\u00e9n- se han contabilizado, de quienes est\u00e1n regresando a Venezuela, connacionales despojados de atenci\u00f3n humanitaria que vuelven a su Patria, 60 casos importados\u201d, comunic\u00f3 la vicepresidenta Ejecutiva, Delcy Rodr\u00edguez.<\/p>\n<p>De este modo se totalizan 1.010 casos en el pa\u00eds, refiri\u00f3 la alta funcionaria la noche de este s\u00e1bado desde el Palacio de Gobierno, al ofrecer el parte diario de las estad\u00edsticas del nuevo coronavirus en Venezuela.<\/p>\n<p>De los 60 casos importados o por contacto internacional, 13 son por contacto con viajero internacional, 28 de personas provenientes de Brasil, 15 de Colombia, 3 de Chile y 1 de Ecuador; los otros 6 tienen como antecedentes la transmisi\u00f3n comunitaria.<\/p>\n<p>El 74 por ciento de los contagios en el pa\u00eds son casos importados, explic\u00f3 la Vicepresidenta, al detallar que de la totalizaci\u00f3n de infecciones 601 registros tienen como procedencia a viajeros internacionales, mientras que 149 casos han sido por contacto internacional y 260 por acercamiento comunitario.<\/p>\n<p>Report\u00f3 adem\u00e1s que 48 mil 17 venezolanos han ingresado por los estados fronterizos: T\u00e1chira, Apure, Bol\u00edvar, Amazonas y Zulia.<\/p>\n<p>A la fecha, Venezuela cuenta con 738 casos activos, luego de la recuperaci\u00f3n del 25,9 por ciento de los contagios, es decir, 262 personas, y se mantiene el n\u00famero de fallecidos en 10.<\/p>\n<p>Venezuela sigue como pa\u00eds vanguardista de la regi\u00f3n latinoamericana y caribe\u00f1a en la realizaci\u00f3n de pruebas aplicadas para la detecci\u00f3n del virus. Hasta hoy han sido realizadas 771 mil 276 pruebas, lo que equivalen a 25 mil 709 test por mill\u00f3n de habitantes.<\/p>\n","protected":false},"excerpt":{"rendered":"<p>\u201cQueremos informar que en las \u00faltimas 24 horas se han registrado en todo el territorio nacional 6 casos de transmisi\u00f3n comunitaria (\u2026) -y tambi\u00e9n- se han contabilizado, de quienes est\u00e1n regresando a Venezuela, connacionales despojados de atenci\u00f3n humanitaria que vuelven a su Patria, 60 casos importados\u201d, comunic\u00f3 la vicepresidenta Ejecutiva, Delcy Rodr\u00edguez. De este modo\u2026 <span class=\"read-more\"><a href=\"https:\/\/consuladobarcelona.gob.ve\/webalterna\/coronavirus-casos-de-covid-19-ascienden-a-1-010-en-venezuela-tras-detectar-66-nuevas-infecciones\/\">Leer m\u00e1s &raquo;<\/a><\/span><\/p>\n","protected":false},"author":3,"featured_media":2728,"comment_status":"closed","ping_status":"closed","sticky":false,"template":"","format":"standard","meta":{"footnotes":""},"categories":[5],"tags":[],"class_list":["post-2726","post","type-post","status-publish","format-standard","has-post-thumbnail","hentry","category-noticias"],"_links":{"self":[{"href":"https:\/\/consuladobarcelona.gob.ve\/webalterna\/wp-json\/wp\/v2\/posts\/2726","targetHints":{"allow":["GET"]}}],"collection":[{"href":"https:\/\/consuladobarcelona.gob.ve\/webalterna\/wp-json\/wp\/v2\/posts"}],"about":[{"href":"https:\/\/consuladobarcelona.gob.ve\/webalterna\/wp-json\/wp\/v2\/types\/post"}],"author":[{"embeddable":true,"href":"https:\/\/consuladobarcelona.gob.ve\/webalterna\/wp-json\/wp\/v2\/users\/3"}],"replies":[{"embeddable":true,"href":"https:\/\/consuladobarcelona.gob.ve\/webalterna\/wp-json\/wp\/v2\/comments?post=2726"}],"version-history":[{"count":1,"href":"https:\/\/consuladobarcelona.gob.ve\/webalterna\/wp-json\/wp\/v2\/posts\/2726\/revisions"}],"predecessor-version":[{"id":2729,"href":"https:\/\/consuladobarcelona.gob.ve\/webalterna\/wp-json\/wp\/v2\/posts\/2726\/revisions\/2729"}],"wp:featuredmedia":[{"embeddable":true,"href":"https:\/\/consuladobarcelona.gob.ve\/webalterna\/wp-json\/wp\/v2\/media\/2728"}],"wp:attachment":[{"href":"https:\/\/consuladobarcelona.gob.ve\/webalterna\/wp-json\/wp\/v2\/media?parent=2726"}],"wp:term":[{"taxonomy":"category","embeddable":true,"href":"https:\/\/consuladobarcelona.gob.ve\/webalterna\/wp-json\/wp\/v2\/categories?post=2726"},{"taxonomy":"post_tag","embeddable":true,"href":"https:\/\/consuladobarcelona.gob.ve\/webalterna\/wp-json\/wp\/v2\/tags?post=2726"}],"curies":[{"name":"wp","href":"https:\/\/api.w.org\/{rel}","templated":true}]}}