{"id":2718,"date":"2020-05-22T12:58:03","date_gmt":"2020-05-22T11:58:03","guid":{"rendered":"http:\/\/consuladobarcelona.gob.ve\/webalterna\/?p=2718"},"modified":"2020-05-22T12:58:03","modified_gmt":"2020-05-22T11:58:03","slug":"coronavirus-detectados-58-nuevos-casos-de-covid-19-y-total-asciende-a-882-en-venezuela","status":"publish","type":"post","link":"https:\/\/consuladobarcelona.gob.ve\/webalterna\/coronavirus-detectados-58-nuevos-casos-de-covid-19-y-total-asciende-a-882-en-venezuela\/","title":{"rendered":"CORONAVIRUS | Detectados 58 nuevos casos de COVID-19 y total asciende a 882 en Venezuela"},"content":{"rendered":"<p>Al detectarse 58 nuevos casos de COVID-19, el total de contagios ascendi\u00f3 a 882 en Venezuela, inform\u00f3 la vicepresidenta de la Rep\u00fablica, Delcy Rodr\u00edguez.<strong>\u00a0<\/strong><\/p>\n<div class=\"row\">\n<div class=\"col-lg-10 col-md-10 col-sm-10\">\n<div class=\"entry-content mippci-entry-content\">\n<p>Desde el Palacio de Miraflores, ubicado en Caracas, detall\u00f3 que 36 casos son importados, de los cuales 14 proceden de Colombia; 11 de Brasil y 11 de\u00a0 Ecuador. En tanto, 22 son nacionales (seis por transmisi\u00f3n comunitaria y 16 por contactos con viajeros internacionales).<\/p>\n<p>En este sentido, detall\u00f3 que los portadores de COVID-19 por contactos internacionales corresponden al personal de atenci\u00f3n (seguridad y m\u00e9dico) que presta servicio en el cerco epidemiol\u00f3gico de la frontera.<\/p>\n<p>\u201cHemos detectado un foco \u2013que ya ha sido confinado- en la polic\u00eda del estado Bol\u00edvar que estaban atendiendo el Puesto de Atenci\u00f3n Social Integral de Santa Elena de Uair\u00e9n, all\u00ed se han contagiado 14 polic\u00edas y dos personas del \u00e1rea de salud que est\u00e1n en primera fila recibiendo a nuestros connacionales\u201d, puntualiz\u00f3.<\/p>\n<p>Rodr\u00edguez reiter\u00f3 que equipos especializados se mantienen desplegados en el cerco sanitario y epidemiol\u00f3gico de la zona fronteriza en funci\u00f3n de evitar la diseminaci\u00f3n de la enfermedad infecciosa.<\/p>\n<p>Explic\u00f3 que la tasa de recuperaci\u00f3n se mantiene en 262, lo que se traduce en 29,7% de los casos reportados de COVID-19 desde el 13 de marzo. Actualmente, 610 contagios contin\u00faan activos, de la cifra 284 se encuentran en hospitales centinelas, 310 en Centros de Diagn\u00f3stico Integral (CDI) y 16 en cl\u00ednicas privadas.<\/p>\n<p>En relaci\u00f3n a la aplicaci\u00f3n de pruebas diagn\u00f3sticas, precis\u00f3 que se han realizado 697 mil 691, lo que representa 23 mil 256 pruebas por mill\u00f3n de habitantes.<\/p>\n<p>Ante la diseminaci\u00f3n del COVID-19 en Suram\u00e9rica, 45 mil 905 connacionales han ingresado a trav\u00e9s de la zona fronteriza. Del total, 510 venezolanos resultaron positivos a la enfermedad infecciosa.<\/p>\n<p>Hasta el momento, se registran 5 millones 173 mil 436 casos de COVID-19 a escala global, siendo Estados Unidos (EE.UU.) el epicentro de la pandemia con 1 mill\u00f3n 617 mil 856 contagios.<\/p>\n<\/div>\n<\/div>\n<\/div>\n","protected":false},"excerpt":{"rendered":"<p>Al detectarse 58 nuevos casos de COVID-19, el total de contagios ascendi\u00f3 a 882 en Venezuela, inform\u00f3 la vicepresidenta de la Rep\u00fablica, Delcy Rodr\u00edguez.\u00a0 Desde el Palacio de Miraflores, ubicado en Caracas, detall\u00f3 que 36 casos son importados, de los cuales 14 proceden de Colombia; 11 de Brasil y 11 de\u00a0 Ecuador. En tanto, 22\u2026 <span class=\"read-more\"><a href=\"https:\/\/consuladobarcelona.gob.ve\/webalterna\/coronavirus-detectados-58-nuevos-casos-de-covid-19-y-total-asciende-a-882-en-venezuela\/\">Leer m\u00e1s &raquo;<\/a><\/span><\/p>\n","protected":false},"author":3,"featured_media":2719,"comment_status":"closed","ping_status":"closed","sticky":false,"template":"","format":"standard","meta":{"footnotes":""},"categories":[5],"tags":[],"class_list":["post-2718","post","type-post","status-publish","format-standard","has-post-thumbnail","hentry","category-noticias"],"_links":{"self":[{"href":"https:\/\/consuladobarcelona.gob.ve\/webalterna\/wp-json\/wp\/v2\/posts\/2718","targetHints":{"allow":["GET"]}}],"collection":[{"href":"https:\/\/consuladobarcelona.gob.ve\/webalterna\/wp-json\/wp\/v2\/posts"}],"about":[{"href":"https:\/\/consuladobarcelona.gob.ve\/webalterna\/wp-json\/wp\/v2\/types\/post"}],"author":[{"embeddable":true,"href":"https:\/\/consuladobarcelona.gob.ve\/webalterna\/wp-json\/wp\/v2\/users\/3"}],"replies":[{"embeddable":true,"href":"https:\/\/consuladobarcelona.gob.ve\/webalterna\/wp-json\/wp\/v2\/comments?post=2718"}],"version-history":[{"count":1,"href":"https:\/\/consuladobarcelona.gob.ve\/webalterna\/wp-json\/wp\/v2\/posts\/2718\/revisions"}],"predecessor-version":[{"id":2720,"href":"https:\/\/consuladobarcelona.gob.ve\/webalterna\/wp-json\/wp\/v2\/posts\/2718\/revisions\/2720"}],"wp:featuredmedia":[{"embeddable":true,"href":"https:\/\/consuladobarcelona.gob.ve\/webalterna\/wp-json\/wp\/v2\/media\/2719"}],"wp:attachment":[{"href":"https:\/\/consuladobarcelona.gob.ve\/webalterna\/wp-json\/wp\/v2\/media?parent=2718"}],"wp:term":[{"taxonomy":"category","embeddable":true,"href":"https:\/\/consuladobarcelona.gob.ve\/webalterna\/wp-json\/wp\/v2\/categories?post=2718"},{"taxonomy":"post_tag","embeddable":true,"href":"https:\/\/consuladobarcelona.gob.ve\/webalterna\/wp-json\/wp\/v2\/tags?post=2718"}],"curies":[{"name":"wp","href":"https:\/\/api.w.org\/{rel}","templated":true}]}}