{"id":2715,"date":"2020-05-22T12:56:37","date_gmt":"2020-05-22T11:56:37","guid":{"rendered":"http:\/\/consuladobarcelona.gob.ve\/webalterna\/?p=2715"},"modified":"2020-05-22T12:59:18","modified_gmt":"2020-05-22T11:59:18","slug":"canciller-arreaza-pide-a-congreso-estadounidense-que-determine-la-responsabilidad-del-gobierno-de-trump-en-fallida-incursion-armada-a-venezuela","status":"publish","type":"post","link":"https:\/\/consuladobarcelona.gob.ve\/webalterna\/canciller-arreaza-pide-a-congreso-estadounidense-que-determine-la-responsabilidad-del-gobierno-de-trump-en-fallida-incursion-armada-a-venezuela\/","title":{"rendered":"OPERACI\u00d3N GEDE\u00d3N | Venezuela pide a Congreso estadounidense que determine la responsabilidad del Gobierno de Trump en fallida incursi\u00f3n armada"},"content":{"rendered":"<p>El fiscal general de la Rep\u00fablica, Tarek William Saab, inform\u00f3 que el Ministerio P\u00fablico envi\u00f3 una carta a la presidenta de la C\u00e1mara de Representantes del Congreso de los Estados Unidos, Nancy Pelosi, en la que ofrece informaci\u00f3n sobre los hechos relacionados con la \u201cOperaci\u00f3n Gede\u00f3n\u201d y la participaci\u00f3n de ciudadanos norteamericanos vinculados con la administraci\u00f3n de Donald Trump.<\/p>\n<p>A ra\u00edz de los intentos frustrados de incursi\u00f3n armada a las costas venezolanas por mercenarios terroristas procedentes de Colombia; el Fiscal General revel\u00f3 que el Congreso de EE.UU. \u201cinici\u00f3 una investigaci\u00f3n para determinar si las leyes estadounidenses fueron violadas por ciudadanos y compa\u00f1\u00edas de ese pa\u00eds y si alg\u00fan elemento del Gobierno sab\u00eda lo que estaba sucediendo\u201d.<\/p>\n<p>Agreg\u00f3 que \u201cel Congreso exigi\u00f3 informaci\u00f3n sobre todos y cada uno de los contratistas de seguridad privada que sostuvieron reuniones en los EE.UU. relacionadas con una posible incursi\u00f3n armada en Venezuela, y si la administraci\u00f3n de Donald Trump estaba al tanto de estas interacciones\u201d.<\/p>\n<p>El ministro del Poder Popular para Relaciones Exteriores, Jorge Arreaza, comparti\u00f3 el anuncio del Ministerio P\u00fablico en su cuenta Twitter @jaarreaza: \u201cEl Fiscal General @TarekWiliamSaab, en carta a @SpeakerPelosi, Presidenta de la C\u00e1mara de Representantes de EEUU, presenta elementos sobre la invasi\u00f3n frustrada de mercenarios contra Venezuela. Pedimos una investigaci\u00f3n seria que determine la responsabilidad del gobierno de Trump\u201d.<\/p>\n<p>La misiva forma parte de una serie de acciones emprendidas por el Estado venezolano ante instancias internacionales para dar a conocer y sancionar los ataques en contra de la institucionalidad nacional y sus autoridades leg\u00edtimas. La Secretar\u00eda General y el Consejo de Seguridad de la Organizaci\u00f3n de las Naciones Unidas (ONU) han conocido de esta nueva agresi\u00f3n a la naci\u00f3n suramericana.<\/p>\n<p>En relaci\u00f3n con la carta enviada desde Caracas, el alto funcionario del Poder Moral explic\u00f3 que tiene como objetivo \u201caportar (\u2026) formalmente un relato detallado de los hechos en cuesti\u00f3n, basado en pruebas y testimonios recabados de los involucrados en la incursi\u00f3n armada (\u2026) y que, de comprobarse ciertos, contemplar\u00edan delitos grav\u00edsimos, tales como tr\u00e1fico de armas y drogas, y terrorismo\u201d, seg\u00fan el texto oficial.<\/p>\n<p>\u201cEsto ante los graves hechos que se han develado tras la incursi\u00f3n fallida, los cuales vinculan a ciudadanos y autoridades colombianas y estadounidenses en la organizaci\u00f3n y financiamiento de este ataque\u201d, precis\u00f3 el titular de la Fiscal\u00eda General de la Rep\u00fablica.<\/p>\n<p>De igual manera, la carta enviada a la congresista Pelosi invita a cuestionarse la presunta vinculaci\u00f3n de Trump, el vicepresidente Michael Pence; el enviado especial de EE.UU. a Venezuela, Elliot Abrams, y el secretario de Estado, Mike Pompeo, en los planes terroristas en contra de la soberan\u00eda venezolana.<\/p>\n","protected":false},"excerpt":{"rendered":"<p>El fiscal general de la Rep\u00fablica, Tarek William Saab, inform\u00f3 que el Ministerio P\u00fablico envi\u00f3 una carta a la presidenta de la C\u00e1mara de Representantes del Congreso de los Estados Unidos, Nancy Pelosi, en la que ofrece informaci\u00f3n sobre los hechos relacionados con la \u201cOperaci\u00f3n Gede\u00f3n\u201d y la participaci\u00f3n de ciudadanos norteamericanos vinculados con la\u2026 <span class=\"read-more\"><a href=\"https:\/\/consuladobarcelona.gob.ve\/webalterna\/canciller-arreaza-pide-a-congreso-estadounidense-que-determine-la-responsabilidad-del-gobierno-de-trump-en-fallida-incursion-armada-a-venezuela\/\">Leer m\u00e1s &raquo;<\/a><\/span><\/p>\n","protected":false},"author":3,"featured_media":2716,"comment_status":"closed","ping_status":"closed","sticky":false,"template":"","format":"standard","meta":{"footnotes":""},"categories":[5],"tags":[],"class_list":["post-2715","post","type-post","status-publish","format-standard","has-post-thumbnail","hentry","category-noticias"],"_links":{"self":[{"href":"https:\/\/consuladobarcelona.gob.ve\/webalterna\/wp-json\/wp\/v2\/posts\/2715","targetHints":{"allow":["GET"]}}],"collection":[{"href":"https:\/\/consuladobarcelona.gob.ve\/webalterna\/wp-json\/wp\/v2\/posts"}],"about":[{"href":"https:\/\/consuladobarcelona.gob.ve\/webalterna\/wp-json\/wp\/v2\/types\/post"}],"author":[{"embeddable":true,"href":"https:\/\/consuladobarcelona.gob.ve\/webalterna\/wp-json\/wp\/v2\/users\/3"}],"replies":[{"embeddable":true,"href":"https:\/\/consuladobarcelona.gob.ve\/webalterna\/wp-json\/wp\/v2\/comments?post=2715"}],"version-history":[{"count":2,"href":"https:\/\/consuladobarcelona.gob.ve\/webalterna\/wp-json\/wp\/v2\/posts\/2715\/revisions"}],"predecessor-version":[{"id":2721,"href":"https:\/\/consuladobarcelona.gob.ve\/webalterna\/wp-json\/wp\/v2\/posts\/2715\/revisions\/2721"}],"wp:featuredmedia":[{"embeddable":true,"href":"https:\/\/consuladobarcelona.gob.ve\/webalterna\/wp-json\/wp\/v2\/media\/2716"}],"wp:attachment":[{"href":"https:\/\/consuladobarcelona.gob.ve\/webalterna\/wp-json\/wp\/v2\/media?parent=2715"}],"wp:term":[{"taxonomy":"category","embeddable":true,"href":"https:\/\/consuladobarcelona.gob.ve\/webalterna\/wp-json\/wp\/v2\/categories?post=2715"},{"taxonomy":"post_tag","embeddable":true,"href":"https:\/\/consuladobarcelona.gob.ve\/webalterna\/wp-json\/wp\/v2\/tags?post=2715"}],"curies":[{"name":"wp","href":"https:\/\/api.w.org\/{rel}","templated":true}]}}