{"id":2698,"date":"2020-05-19T13:24:25","date_gmt":"2020-05-19T12:24:25","guid":{"rendered":"http:\/\/consuladobarcelona.gob.ve\/webalterna\/?p=2698"},"modified":"2020-05-19T14:33:20","modified_gmt":"2020-05-19T13:33:20","slug":"venezuela-envia-condolencias-al-pueblo-de-espana-por-la-partida-fisica-del-lider-historico-julio-anguita","status":"publish","type":"post","link":"https:\/\/consuladobarcelona.gob.ve\/webalterna\/venezuela-envia-condolencias-al-pueblo-de-espana-por-la-partida-fisica-del-lider-historico-julio-anguita\/","title":{"rendered":"Venezuela env\u00eda condolencias al pueblo de Espa\u00f1a por la partida f\u00edsica de Julio Anguita, l\u00edder historico de IU"},"content":{"rendered":"<p>El presidente de la Rep\u00fablica Bolivariana de Venezuela, Nicol\u00e1s Maduro, manifest\u00f3 sus condolencias al pueblo Espa\u00f1a por la partida f\u00edsica de Julio Anguita, l\u00edder hist\u00f3rico y fundador del partido pol\u00edtico espa\u00f1ol \u2018Izquierda Unida\u2019, quien permanec\u00eda internado en un hospital de la ciudad de C\u00f3rdoba tras sufrir un paro card\u00edaco hace una semana.<\/p>\n<p>\u201cDesde Venezuela enviamos nuestras m\u00e1s sentidas condolencias al pueblo de Espa\u00f1a por la sensible p\u00e9rdida f\u00edsica del hist\u00f3rico l\u00edder de Izquierda Unida, Julio Anguita (\u2026) \u00a1Honor y Gloria!\u201d, escribi\u00f3 el mandatario nacional en su cuenta de Twitter @NicolasMaduro.<\/p>\n<p>El ministro del Poder Popular para Relaciones Exteriores, Jorge Arreaza, tambi\u00e9n se uni\u00f3 al duelo y transmiti\u00f3 el mensaje enviado por el jefe de Estado venezolano.<\/p>\n<p>\u201cEl Presidente Nicolas Maduro junto al pueblo venezolano expresa su consternaci\u00f3n por la partida f\u00edsica del gran l\u00edder comunista espa\u00f1ol, Julio Anguita. Nuestras condolencias a sus familiares, amigos, al Partido Comunista Espa\u00f1ol y a Izquierda Unida\u201d, expres\u00f3.<\/p>\n<p>Julio Anguita, naci\u00f3 en el a\u00f1o 1941 en M\u00e1laga, Espa\u00f1a. A lo largo de su amplia trayectoria pol\u00edtica, \u2018El Califa\u2019, como era conocido, fue\u00a0alcalde de la ciudad de C\u00f3rdoba entre 1979 y 1986, secretario general del Partido Comunista Espa\u00f1ol hasta 1998, y l\u00edder de la Coordinaci\u00f3n General de Izquierda Unida\u00a0hasta el a\u00f1o 2000.<\/p>\n<p>Al frente de esta formaci\u00f3n alcanz\u00f3 sus mayores logros pol\u00edticos, tras obtener los 21 esca\u00f1os y superar los dos millones de votos de las elecciones generales de 1993 y 1996.<\/p>\n","protected":false},"excerpt":{"rendered":"<p>El presidente de la Rep\u00fablica Bolivariana de Venezuela, Nicol\u00e1s Maduro, manifest\u00f3 sus condolencias al pueblo Espa\u00f1a por la partida f\u00edsica de Julio Anguita, l\u00edder hist\u00f3rico y fundador del partido pol\u00edtico espa\u00f1ol \u2018Izquierda Unida\u2019, quien permanec\u00eda internado en un hospital de la ciudad de C\u00f3rdoba tras sufrir un paro card\u00edaco hace una semana. \u201cDesde Venezuela enviamos\u2026 <span class=\"read-more\"><a href=\"https:\/\/consuladobarcelona.gob.ve\/webalterna\/venezuela-envia-condolencias-al-pueblo-de-espana-por-la-partida-fisica-del-lider-historico-julio-anguita\/\">Leer m\u00e1s &raquo;<\/a><\/span><\/p>\n","protected":false},"author":3,"featured_media":2699,"comment_status":"closed","ping_status":"closed","sticky":false,"template":"","format":"standard","meta":{"footnotes":""},"categories":[5],"tags":[],"class_list":["post-2698","post","type-post","status-publish","format-standard","has-post-thumbnail","hentry","category-noticias"],"_links":{"self":[{"href":"https:\/\/consuladobarcelona.gob.ve\/webalterna\/wp-json\/wp\/v2\/posts\/2698","targetHints":{"allow":["GET"]}}],"collection":[{"href":"https:\/\/consuladobarcelona.gob.ve\/webalterna\/wp-json\/wp\/v2\/posts"}],"about":[{"href":"https:\/\/consuladobarcelona.gob.ve\/webalterna\/wp-json\/wp\/v2\/types\/post"}],"author":[{"embeddable":true,"href":"https:\/\/consuladobarcelona.gob.ve\/webalterna\/wp-json\/wp\/v2\/users\/3"}],"replies":[{"embeddable":true,"href":"https:\/\/consuladobarcelona.gob.ve\/webalterna\/wp-json\/wp\/v2\/comments?post=2698"}],"version-history":[{"count":2,"href":"https:\/\/consuladobarcelona.gob.ve\/webalterna\/wp-json\/wp\/v2\/posts\/2698\/revisions"}],"predecessor-version":[{"id":2704,"href":"https:\/\/consuladobarcelona.gob.ve\/webalterna\/wp-json\/wp\/v2\/posts\/2698\/revisions\/2704"}],"wp:featuredmedia":[{"embeddable":true,"href":"https:\/\/consuladobarcelona.gob.ve\/webalterna\/wp-json\/wp\/v2\/media\/2699"}],"wp:attachment":[{"href":"https:\/\/consuladobarcelona.gob.ve\/webalterna\/wp-json\/wp\/v2\/media?parent=2698"}],"wp:term":[{"taxonomy":"category","embeddable":true,"href":"https:\/\/consuladobarcelona.gob.ve\/webalterna\/wp-json\/wp\/v2\/categories?post=2698"},{"taxonomy":"post_tag","embeddable":true,"href":"https:\/\/consuladobarcelona.gob.ve\/webalterna\/wp-json\/wp\/v2\/tags?post=2698"}],"curies":[{"name":"wp","href":"https:\/\/api.w.org\/{rel}","templated":true}]}}