{"id":2692,"date":"2020-05-15T15:41:09","date_gmt":"2020-05-15T14:41:09","guid":{"rendered":"http:\/\/consuladobarcelona.gob.ve\/webalterna\/?p=2692"},"modified":"2020-05-15T15:41:09","modified_gmt":"2020-05-15T14:41:09","slug":"venezuela-repudia-acusaciones-de-ee-uu-de-senalarla-como-no-cooperante-en-la-lucha-contra-el-terrorismo","status":"publish","type":"post","link":"https:\/\/consuladobarcelona.gob.ve\/webalterna\/venezuela-repudia-acusaciones-de-ee-uu-de-senalarla-como-no-cooperante-en-la-lucha-contra-el-terrorismo\/","title":{"rendered":"Venezuela repudia acusaciones de EE.UU. de se\u00f1alarla como no cooperante en la lucha contra el terrorismo"},"content":{"rendered":"<p>La\u00a0Rep\u00fablica Bolivariana de Venezuela\u00a0rechaz\u00f3 este jueves, a trav\u00e9s de un comunicado, \u201clos se\u00f1alamientos de la administraci\u00f3n Trump, que pretenden catalogar al gobierno venezolano como \u2018no cooperante en la lucha antiterrorista\u2019 luego de haber sufrido una<strong> incursi\u00f3n armada con fines terroristas, bajo la direcci\u00f3n del Gobierno de EE.UU.<\/strong> (Estados Unidos)\u201d.<\/p>\n<p>El documento, publicado por el ministro del Poder Popular para Relaciones Exteriores,\u00a0<strong>Jorge Arreaza,<\/strong>\u00a0en su cuenta de la red social Twitter @jaarreaza, se\u00f1ala que Washington ha demostrado en reiteradas oportunidades su desprecio por el derecho internacional en materia de terrorismo.<\/p>\n<p>No obstante, ante la incredulidad del mundo y hasta de su propio Congreso, pretenden ocultar su permanente inobservancia y violaci\u00f3n de resoluciones del Consejo de Seguridad y de la Asamblea General de las Naciones Unidas.<\/p>\n<p><em>\u201cAl brindar refugio a terroristas, negarse a implementar acuerdos de asistencia mutua en materia penal, violar el principio de extradici\u00f3n o juicio a quienes est\u00e1n acusados de terrorismo y brindar apoyo financiero, log\u00edstico y entrenamiento a los culpables de estos cr\u00edmenes\u201d.<\/em><\/p>\n<p>Lee aqu\u00ed el comunicado oficial:\u00a0<strong><a href=\"https:\/\/www.vtv.gob.ve\/wp-content\/uploads\/2020\/05\/Venezuela-rechaza-se%C3%B1alamientos-en-su-contra.pdf\">Venezuela rechaza se\u00f1alamientos EE.UU<\/a><\/strong><\/p>\n<p>&nbsp;<\/p>\n","protected":false},"excerpt":{"rendered":"<p>La\u00a0Rep\u00fablica Bolivariana de Venezuela\u00a0rechaz\u00f3 este jueves, a trav\u00e9s de un comunicado, \u201clos se\u00f1alamientos de la administraci\u00f3n Trump, que pretenden catalogar al gobierno venezolano como \u2018no cooperante en la lucha antiterrorista\u2019 luego de haber sufrido una incursi\u00f3n armada con fines terroristas, bajo la direcci\u00f3n del Gobierno de EE.UU. (Estados Unidos)\u201d. El documento, publicado por el ministro\u2026 <span class=\"read-more\"><a href=\"https:\/\/consuladobarcelona.gob.ve\/webalterna\/venezuela-repudia-acusaciones-de-ee-uu-de-senalarla-como-no-cooperante-en-la-lucha-contra-el-terrorismo\/\">Leer m\u00e1s &raquo;<\/a><\/span><\/p>\n","protected":false},"author":3,"featured_media":2693,"comment_status":"closed","ping_status":"closed","sticky":false,"template":"","format":"standard","meta":{"footnotes":""},"categories":[5],"tags":[],"class_list":["post-2692","post","type-post","status-publish","format-standard","has-post-thumbnail","hentry","category-noticias"],"_links":{"self":[{"href":"https:\/\/consuladobarcelona.gob.ve\/webalterna\/wp-json\/wp\/v2\/posts\/2692","targetHints":{"allow":["GET"]}}],"collection":[{"href":"https:\/\/consuladobarcelona.gob.ve\/webalterna\/wp-json\/wp\/v2\/posts"}],"about":[{"href":"https:\/\/consuladobarcelona.gob.ve\/webalterna\/wp-json\/wp\/v2\/types\/post"}],"author":[{"embeddable":true,"href":"https:\/\/consuladobarcelona.gob.ve\/webalterna\/wp-json\/wp\/v2\/users\/3"}],"replies":[{"embeddable":true,"href":"https:\/\/consuladobarcelona.gob.ve\/webalterna\/wp-json\/wp\/v2\/comments?post=2692"}],"version-history":[{"count":1,"href":"https:\/\/consuladobarcelona.gob.ve\/webalterna\/wp-json\/wp\/v2\/posts\/2692\/revisions"}],"predecessor-version":[{"id":2694,"href":"https:\/\/consuladobarcelona.gob.ve\/webalterna\/wp-json\/wp\/v2\/posts\/2692\/revisions\/2694"}],"wp:featuredmedia":[{"embeddable":true,"href":"https:\/\/consuladobarcelona.gob.ve\/webalterna\/wp-json\/wp\/v2\/media\/2693"}],"wp:attachment":[{"href":"https:\/\/consuladobarcelona.gob.ve\/webalterna\/wp-json\/wp\/v2\/media?parent=2692"}],"wp:term":[{"taxonomy":"category","embeddable":true,"href":"https:\/\/consuladobarcelona.gob.ve\/webalterna\/wp-json\/wp\/v2\/categories?post=2692"},{"taxonomy":"post_tag","embeddable":true,"href":"https:\/\/consuladobarcelona.gob.ve\/webalterna\/wp-json\/wp\/v2\/tags?post=2692"}],"curies":[{"name":"wp","href":"https:\/\/api.w.org\/{rel}","templated":true}]}}