{"id":2689,"date":"2020-05-14T10:51:01","date_gmt":"2020-05-14T09:51:01","guid":{"rendered":"http:\/\/consuladobarcelona.gob.ve\/webalterna\/?p=2689"},"modified":"2020-05-14T10:51:01","modified_gmt":"2020-05-14T09:51:01","slug":"coronavirus-17-nuevos-contagios-en-las-ultimas-24-horas-por-un-total-de-440","status":"publish","type":"post","link":"https:\/\/consuladobarcelona.gob.ve\/webalterna\/coronavirus-17-nuevos-contagios-en-las-ultimas-24-horas-por-un-total-de-440\/","title":{"rendered":"CORONAVIRUS | 17 nuevos contagios en las \u00faltimas 24 horas, por un total de 440"},"content":{"rendered":"<p>\u201c17 nuevos casos para llegar a 440 confirmados\u201d es la cifra de contagios por Covid-19 en Venezuela, inform\u00f3 el jefe de Estado y de Gobierno, Nicol\u00e1s Maduro Moros. <span id=\"more-90730\"><\/span>Al ofrecer el parte diario correspondiente a las estad\u00edsticas del nuevo Coronavirus en Venezuela, el Mandatario nacional detall\u00f3 que se trata de <strong>14 casos importados<\/strong>, repatriados y tres de transmisi\u00f3n comunitaria.<\/p>\n<p>\u201cHoy tengo que reportar 17 nuevos casos (\u2026) de estos 17 solo 3 son casos llamados comunitarios, 14 son importados, 13 de Colombia, de compatriotas que han venido de Colombia, los recibimos, les hacemos las pruebas al llegar\u201d, pormenoriz\u00f3.<\/p>\n<p>La ubicaci\u00f3n regional de los casos detectados en las \u00faltimas 24 horas se distribuyen de la siguiente manera: Aragua (7), Lara (4), Sucre (3),\u00a0 Trujillo (1), Delta Amacuro (1) y La Guaira (1), cabe destacar que con el hallazgo de Delta Amacuro ya tenemos casos en todas las entidades del pa\u00eds.<\/p>\n<p>\u201cEste es el reporte dram\u00e1tico \u2013enfatiz\u00f3 Maduro-,<strong> estamos elevando las medidas de prevenci\u00f3n en la frontera<\/strong>, el foco es Colombia y Brasil, son las amenazas para Venezuela\u201d.\u00a0En este sentido, instruy\u00f3 a gobernadores, alcaldes, y autoridades de la Fuerza Armada Nacional Bolivariana (FANB) extremar las medidas de prevenci\u00f3n para evitar que en Venezuela se propague el virus.<\/p>\n<p>Datos que aport\u00f3 el Ejecutivo Nacional al encabezar la quinta jornada de la Misi\u00f3n Venezuela Bella, para el embellecimiento, la limpieza, la desinfecci\u00f3n de lugares comunitarios del pa\u00eds desde La Casona Cultural \u201cAquiles Nazoa\u201d ubicada en el estado Miranda.<\/p>\n","protected":false},"excerpt":{"rendered":"<p>\u201c17 nuevos casos para llegar a 440 confirmados\u201d es la cifra de contagios por Covid-19 en Venezuela, inform\u00f3 el jefe de Estado y de Gobierno, Nicol\u00e1s Maduro Moros. Al ofrecer el parte diario correspondiente a las estad\u00edsticas del nuevo Coronavirus en Venezuela, el Mandatario nacional detall\u00f3 que se trata de 14 casos importados, repatriados y\u2026 <span class=\"read-more\"><a href=\"https:\/\/consuladobarcelona.gob.ve\/webalterna\/coronavirus-17-nuevos-contagios-en-las-ultimas-24-horas-por-un-total-de-440\/\">Leer m\u00e1s &raquo;<\/a><\/span><\/p>\n","protected":false},"author":3,"featured_media":2690,"comment_status":"closed","ping_status":"closed","sticky":false,"template":"","format":"standard","meta":{"footnotes":""},"categories":[5],"tags":[],"class_list":["post-2689","post","type-post","status-publish","format-standard","has-post-thumbnail","hentry","category-noticias"],"_links":{"self":[{"href":"https:\/\/consuladobarcelona.gob.ve\/webalterna\/wp-json\/wp\/v2\/posts\/2689","targetHints":{"allow":["GET"]}}],"collection":[{"href":"https:\/\/consuladobarcelona.gob.ve\/webalterna\/wp-json\/wp\/v2\/posts"}],"about":[{"href":"https:\/\/consuladobarcelona.gob.ve\/webalterna\/wp-json\/wp\/v2\/types\/post"}],"author":[{"embeddable":true,"href":"https:\/\/consuladobarcelona.gob.ve\/webalterna\/wp-json\/wp\/v2\/users\/3"}],"replies":[{"embeddable":true,"href":"https:\/\/consuladobarcelona.gob.ve\/webalterna\/wp-json\/wp\/v2\/comments?post=2689"}],"version-history":[{"count":1,"href":"https:\/\/consuladobarcelona.gob.ve\/webalterna\/wp-json\/wp\/v2\/posts\/2689\/revisions"}],"predecessor-version":[{"id":2691,"href":"https:\/\/consuladobarcelona.gob.ve\/webalterna\/wp-json\/wp\/v2\/posts\/2689\/revisions\/2691"}],"wp:featuredmedia":[{"embeddable":true,"href":"https:\/\/consuladobarcelona.gob.ve\/webalterna\/wp-json\/wp\/v2\/media\/2690"}],"wp:attachment":[{"href":"https:\/\/consuladobarcelona.gob.ve\/webalterna\/wp-json\/wp\/v2\/media?parent=2689"}],"wp:term":[{"taxonomy":"category","embeddable":true,"href":"https:\/\/consuladobarcelona.gob.ve\/webalterna\/wp-json\/wp\/v2\/categories?post=2689"},{"taxonomy":"post_tag","embeddable":true,"href":"https:\/\/consuladobarcelona.gob.ve\/webalterna\/wp-json\/wp\/v2\/tags?post=2689"}],"curies":[{"name":"wp","href":"https:\/\/api.w.org\/{rel}","templated":true}]}}