{"id":2685,"date":"2020-05-14T10:46:56","date_gmt":"2020-05-14T09:46:56","guid":{"rendered":"http:\/\/consuladobarcelona.gob.ve\/webalterna\/?p=2685"},"modified":"2020-05-14T10:46:56","modified_gmt":"2020-05-14T09:46:56","slug":"operacion-gedeon-venezuela-denuncia-ante-el-secretario-general-y-consejo-de-seguridad-de-la-onu-ataque-apoyado-por-eeuu-y-colombia","status":"publish","type":"post","link":"https:\/\/consuladobarcelona.gob.ve\/webalterna\/operacion-gedeon-venezuela-denuncia-ante-el-secretario-general-y-consejo-de-seguridad-de-la-onu-ataque-apoyado-por-eeuu-y-colombia\/","title":{"rendered":"OPERACI\u00d3N GEDE\u00d3N | Venezuela denuncia ante el Secretario General y Consejo de Seguridad de la ONU ataque apoyado por EEUU y Colombia"},"content":{"rendered":"<p>Este mi\u00e9rcoles, la Rep\u00fablica Bolivariana de Venezuela consign\u00f3 una misiva ante el Secretario General y el Consejo de Seguridad de la Organizaci\u00f3n de Naciones Unidas (ONU), denunciando los ataques de un grupo armado de mercenarios y terroristas organizados,\u00a0<span id=\"more-90739\"><\/span>entrenados, protegidos y financiados por los gobiernos de los Estados Unidos de Am\u00e9rica y la Rep\u00fablica de Colombia, que ingresaron de forma ilegal al territorio venezolano el pasado 3 de mayo.<\/p>\n<p>\u201c<strong>Venezuela denuncia ante Consejo de Seguridad y Secretario General de la ONU ataque armado terrorista apoyado por gobiernos de Trump y Duque usando mercenarios entrenados en Colombia<\/strong>. Un crimen de agresi\u00f3n contra los venezolanos\u201d, expres\u00f3 el embajador venezolano ante la ONU, Samuel Moncada, a trav\u00e9s de su cuenta en la red social Twitter @SMoncada_VEN.<\/p>\n<p>El diplom\u00e1tico, en representaci\u00f3n del Gobierno nacional, ha condenado reiteradamente este tipo de acciones ilegales y violatorias del derecho internacional y de la Carta de la ONU por parte de Estados Unidos y pa\u00edses aliados contra el Gobierno Bolivariano.<\/p>\n<p>La carta entregada ante la Organizaci\u00f3n recopila todas las <strong>pruebas que sustentan los planes y actos terroristas que se conocieron gracias a la captura de mercenarios, entre ellos dos ciudadanos estadounidenses exmiembros del ej\u00e9rcito<\/strong> del pa\u00eds norteamericano, por parte de las fuerzas de inteligencia nacional, que encontraron evidencias y obtuvieron declaraciones del macabro ataque terrorista.<\/p>\n<p>Una de las pruebas descritas en el documento, es el contrato suscrito el 16 de octubre de 2019 entre el diputado <strong>Juan Guaid\u00f3<\/strong>, cabecilla del sector violento de la oposici\u00f3n venezolana, y el ciudadano estadounidense Jordan Goudreau, quien prest\u00f3 servicios de seguridad al presidente Donald Trump. Actualmente, Goudreau es director ejecutivo de la contratista de seguridad privada <strong>Silvercorp USA<\/strong>, cuya tarea era dise\u00f1ar, entrenar, equipar y ejecutar la invasi\u00f3n mercenaria contra el pueblo venezolano a cambio de un pago de <strong>$212.900.000,00<\/strong>.<\/p>\n<p>En virtud de esta y dem\u00e1s evidencias presentadas, Venezuela inst\u00f3 a la ONU a tomar las medidas necesarias mediante las v\u00edas diplom\u00e1ticas expuestas en el derecho internacional y reiter\u00f3 su llamado al m\u00e1ximo \u00f3rgano de las Naciones Unidas a condenar este tipo de ataques terroristas que ponen en peligro el mantenimiento de la paz y seguridad internacionales.<\/p>\n<p>La frustrada incursi\u00f3n ten\u00eda el objetivo declarado de perpetrar actos criminales contra el Gobierno y pueblo venezolanos.<\/p>\n<p>Lee aqu\u00ed\u00a0 la\u00a0versi\u00f3n de la carta en espa\u00f1ol: <a href=\"http:\/\/consuladobarcelona.gob.ve\/webalterna\/wp-content\/uploads\/2020\/05\/Carta-al-Secretario-General-ONU.pdf\">Carta al Secretario General ONU<\/a><\/p>\n","protected":false},"excerpt":{"rendered":"<p>Este mi\u00e9rcoles, la Rep\u00fablica Bolivariana de Venezuela consign\u00f3 una misiva ante el Secretario General y el Consejo de Seguridad de la Organizaci\u00f3n de Naciones Unidas (ONU), denunciando los ataques de un grupo armado de mercenarios y terroristas organizados,\u00a0entrenados, protegidos y financiados por los gobiernos de los Estados Unidos de Am\u00e9rica y la Rep\u00fablica de Colombia,\u2026 <span class=\"read-more\"><a href=\"https:\/\/consuladobarcelona.gob.ve\/webalterna\/operacion-gedeon-venezuela-denuncia-ante-el-secretario-general-y-consejo-de-seguridad-de-la-onu-ataque-apoyado-por-eeuu-y-colombia\/\">Leer m\u00e1s &raquo;<\/a><\/span><\/p>\n","protected":false},"author":3,"featured_media":2687,"comment_status":"closed","ping_status":"closed","sticky":false,"template":"","format":"standard","meta":{"footnotes":""},"categories":[5],"tags":[],"class_list":["post-2685","post","type-post","status-publish","format-standard","has-post-thumbnail","hentry","category-noticias"],"_links":{"self":[{"href":"https:\/\/consuladobarcelona.gob.ve\/webalterna\/wp-json\/wp\/v2\/posts\/2685","targetHints":{"allow":["GET"]}}],"collection":[{"href":"https:\/\/consuladobarcelona.gob.ve\/webalterna\/wp-json\/wp\/v2\/posts"}],"about":[{"href":"https:\/\/consuladobarcelona.gob.ve\/webalterna\/wp-json\/wp\/v2\/types\/post"}],"author":[{"embeddable":true,"href":"https:\/\/consuladobarcelona.gob.ve\/webalterna\/wp-json\/wp\/v2\/users\/3"}],"replies":[{"embeddable":true,"href":"https:\/\/consuladobarcelona.gob.ve\/webalterna\/wp-json\/wp\/v2\/comments?post=2685"}],"version-history":[{"count":1,"href":"https:\/\/consuladobarcelona.gob.ve\/webalterna\/wp-json\/wp\/v2\/posts\/2685\/revisions"}],"predecessor-version":[{"id":2688,"href":"https:\/\/consuladobarcelona.gob.ve\/webalterna\/wp-json\/wp\/v2\/posts\/2685\/revisions\/2688"}],"wp:featuredmedia":[{"embeddable":true,"href":"https:\/\/consuladobarcelona.gob.ve\/webalterna\/wp-json\/wp\/v2\/media\/2687"}],"wp:attachment":[{"href":"https:\/\/consuladobarcelona.gob.ve\/webalterna\/wp-json\/wp\/v2\/media?parent=2685"}],"wp:term":[{"taxonomy":"category","embeddable":true,"href":"https:\/\/consuladobarcelona.gob.ve\/webalterna\/wp-json\/wp\/v2\/categories?post=2685"},{"taxonomy":"post_tag","embeddable":true,"href":"https:\/\/consuladobarcelona.gob.ve\/webalterna\/wp-json\/wp\/v2\/tags?post=2685"}],"curies":[{"name":"wp","href":"https:\/\/api.w.org\/{rel}","templated":true}]}}