{"id":2680,"date":"2020-05-13T18:46:20","date_gmt":"2020-05-13T17:46:20","guid":{"rendered":"http:\/\/consuladobarcelona.gob.ve\/webalterna\/?p=2680"},"modified":"2020-05-13T19:03:06","modified_gmt":"2020-05-13T18:03:06","slug":"operacion-gedeon-venezuela-rechaza-que-duque-no-haya-investigado-denuncias-sobre-implicacion-de-la-dea-y-el-narcotrafico-en-acciones-terroristas","status":"publish","type":"post","link":"https:\/\/consuladobarcelona.gob.ve\/webalterna\/operacion-gedeon-venezuela-rechaza-que-duque-no-haya-investigado-denuncias-sobre-implicacion-de-la-dea-y-el-narcotrafico-en-acciones-terroristas\/","title":{"rendered":"OPERACI\u00d3N GEDE\u00d3N | Venezuela rechaza que Duque no haya investigado denuncias sobre implicaci\u00f3n de la DEA y el narcotr\u00e1fico en acciones terroristas"},"content":{"rendered":"<p>El vicepresidente sectorial para Comunicaci\u00f3n, Cultura y Turismo, Jorge Rodr\u00edguez, rechaz\u00f3 que a la fecha el gobierno de Iv\u00e1n Duque no haya ejecutado <strong>ninguna acci\u00f3n para investigar las sistem\u00e1ticas denuncias realizadas por Venezuela sobre el apoyo y planificaci\u00f3n de acciones mercenarias y terroristas en suelo neogranadino que cont\u00f3 con la participaci\u00f3n de funcionarios de la DEA, peligrosos narcotraficantes e integrantes de la extrema derecha venezolana<\/strong>, quienes pretend\u00edan ejecutar el asesinato del presidente Nicol\u00e1s Maduro, robar los recursos de la Naci\u00f3n y derogar la Constituci\u00f3n Bolivariana, seg\u00fan el contrato firmado entre Juan Guaid\u00f3 y la empresa norteamericana Silvercorp de Jordan Goudreau.<\/p>\n<p>Durante una entrevista exclusiva ofrecida al programa que conduc Julio S\u00e1nchez Cristo en W Radio de Colombia, el tambi\u00e9n ministro para Comunicaci\u00f3n y la Informaci\u00f3n de Venezuela, reiter\u00f3 en la operaci\u00f3n terrorista frustrada en las costas venezolanas ha dado como resultado a la fecha la captura en pleno apego al respeto de los DDHH de al menos <strong>49 mercanarios terroristas<\/strong>, de los cuales algunos de ellos se han sometido al figura de la delaci\u00f3n establecida en el ordenamiento jur\u00eddico en el pa\u00eds, para que a trav\u00e9s de la confesi\u00f3n voluntaria se le otorguen beneficios de reducci\u00f3n de la pena.<\/p>\n<p>En ese particular, record\u00f3 que tanto los dos boinas verdes estadounidenses y el l\u00edder operativo de los mercenarios venezolanos, Antonio Jos\u00e9 Sequea, han confesado que el sitio desde donde partieron de la Alta Guajira colombiana para entrar a Venezuela, era una finca del conocido narcotrafocante Elkin Javier L\u00f3pez, alias \u201cDoble Rueda\u201d.\u00a0A\u00f1adi\u00f3 que el Gobierno venezolano ha facilitado antes y posterior a la operaci\u00f3n terrorista, las coordenadas desde donde partieron las embarcaciones\u00a0 y la Casa de Nari\u00f1o no ha movido ni un dedo para investigar los hechos, por lo que reiter\u00f3 que queda comprobado que la extrema derecha venezolana, con apoyo de EE.UU, Colombia y el narcotr\u00e1fico colombiano, han sido las aristas de este tri\u00e1ngulo mercenario que se conjug\u00f3 para intentar efectuar la incursi\u00f3n terrorista en Venezuela.<\/p>\n<p>Rodr\u00edguez revel\u00f3 que las labores de inteligencia de Venezuela habr\u00eda infiltrado al pr\u00f3fugo y narcotraficante Cl\u00edver Alcal\u00e1 Cordones y a personas que se estaban entrenando en esos campamentos de R\u00edohacha, por lo que elevaron la denuncia para que el Gobierno colombiano actuara para detener esta acci\u00f3n pero que no lo hizo.<\/p>\n<p>\u201cEn los pr\u00f3ximos d\u00edas se va a saber cu\u00e1ntas armas y equipamiento militar iban a ser usados. Todo ese equipo entr\u00f3 a Colombia \u00bfC\u00f3mo pas\u00f3? El gobierno colombiano debe responder a esa interrogante\u201d, alert\u00f3 al tiempo que reiter\u00f3 que tanto la administraci\u00f3n de Trump como Iv\u00e1n Duque estaban en conocimiento de estos planes.<\/p>\n<p>Asever\u00f3 que otras de las pruebas irrefutables de la participaci\u00f3n\u00a0 de este tri\u00e1ngulo: extrema derecha, gobiernos de EE.UU y Colombia, as\u00ed como el narcotr\u00e1fico para la ejecuci\u00f3n de estas acciones violentas, es el contrato entre Jordan Goudreau, Juan Jos\u00e9 Rend\u00f3n, Juan Guaid\u00f3 y Sergio Vergara, en el que se le colocaba precio al asesinato del Presidente de la Rep\u00fablica Bolivariana de Venezuela y todo su Gabinete Ejecutivo, \u201ces un hecho muy lamentable\u201d, calific\u00f3.<\/p>\n<p>Asimismo, Rodr\u00edguez indic\u00f3 que la Fiscal\u00eda General de la Rep\u00fablica ya dict\u00f3 orden de captura contra Juan Jos\u00e9 Rend\u00f3n, Sergio Vergara y Jordan Goudreau. \u201cEn cuanto a Ju\u00e1n Guaid\u00f3 entiendo que se contin\u00faan sumando delitos por los que ha sido ya imputado\u201d, aclar\u00f3.<\/p>\n<p>El vicepresidente sectorial para Comunicaci\u00f3n, Cultura y Turismo, descart\u00f3 que el Gobierno de Venezuela haya tenido alguna comunicaci\u00f3n con el mercenario Goudreau.<\/p>\n<p>&nbsp;<\/p>\n<p><strong>Versi\u00f3n curiosa de la armada colombiana es investigada por Venezuela<br \/>\n<\/strong><\/p>\n<p>Al refeirse al incidente de las tres embarcaciones artilladas halladas en territorio colombiano, calific\u00f3 la versi\u00f3n del Comandante de la Armada de ese pa\u00eds como \u201ccuriosa\u201d y reiter\u00f3 que la Armada venezolana est\u00e1 en plena investigaci\u00f3n de este hecho, cuya acci\u00f3n ha sido notificada a la canciller\u00eda de Venezuela.<\/p>\n<p>Aconsej\u00f3 a las autoridades colombianas a emplear los mecanismos diplom\u00e1ticos para resolver el incidente y que el gobierno del presidente Nicol\u00e1s Maduro pueda devolver las unidades fluviales con todas las armas a bordo. \u201c<span class=\"st\">Solic\u00edtenlas<\/span>\u201c, a\u00f1adi\u00f3.<\/p>\n","protected":false},"excerpt":{"rendered":"<p>El vicepresidente sectorial para Comunicaci\u00f3n, Cultura y Turismo, Jorge Rodr\u00edguez, rechaz\u00f3 que a la fecha el gobierno de Iv\u00e1n Duque no haya ejecutado ninguna acci\u00f3n para investigar las sistem\u00e1ticas denuncias realizadas por Venezuela sobre el apoyo y planificaci\u00f3n de acciones mercenarias y terroristas en suelo neogranadino que cont\u00f3 con la participaci\u00f3n de funcionarios de la\u2026 <span class=\"read-more\"><a href=\"https:\/\/consuladobarcelona.gob.ve\/webalterna\/operacion-gedeon-venezuela-rechaza-que-duque-no-haya-investigado-denuncias-sobre-implicacion-de-la-dea-y-el-narcotrafico-en-acciones-terroristas\/\">Leer m\u00e1s &raquo;<\/a><\/span><\/p>\n","protected":false},"author":3,"featured_media":2681,"comment_status":"closed","ping_status":"closed","sticky":false,"template":"","format":"standard","meta":{"footnotes":""},"categories":[5],"tags":[],"class_list":["post-2680","post","type-post","status-publish","format-standard","has-post-thumbnail","hentry","category-noticias"],"_links":{"self":[{"href":"https:\/\/consuladobarcelona.gob.ve\/webalterna\/wp-json\/wp\/v2\/posts\/2680","targetHints":{"allow":["GET"]}}],"collection":[{"href":"https:\/\/consuladobarcelona.gob.ve\/webalterna\/wp-json\/wp\/v2\/posts"}],"about":[{"href":"https:\/\/consuladobarcelona.gob.ve\/webalterna\/wp-json\/wp\/v2\/types\/post"}],"author":[{"embeddable":true,"href":"https:\/\/consuladobarcelona.gob.ve\/webalterna\/wp-json\/wp\/v2\/users\/3"}],"replies":[{"embeddable":true,"href":"https:\/\/consuladobarcelona.gob.ve\/webalterna\/wp-json\/wp\/v2\/comments?post=2680"}],"version-history":[{"count":3,"href":"https:\/\/consuladobarcelona.gob.ve\/webalterna\/wp-json\/wp\/v2\/posts\/2680\/revisions"}],"predecessor-version":[{"id":2684,"href":"https:\/\/consuladobarcelona.gob.ve\/webalterna\/wp-json\/wp\/v2\/posts\/2680\/revisions\/2684"}],"wp:featuredmedia":[{"embeddable":true,"href":"https:\/\/consuladobarcelona.gob.ve\/webalterna\/wp-json\/wp\/v2\/media\/2681"}],"wp:attachment":[{"href":"https:\/\/consuladobarcelona.gob.ve\/webalterna\/wp-json\/wp\/v2\/media?parent=2680"}],"wp:term":[{"taxonomy":"category","embeddable":true,"href":"https:\/\/consuladobarcelona.gob.ve\/webalterna\/wp-json\/wp\/v2\/categories?post=2680"},{"taxonomy":"post_tag","embeddable":true,"href":"https:\/\/consuladobarcelona.gob.ve\/webalterna\/wp-json\/wp\/v2\/tags?post=2680"}],"curies":[{"name":"wp","href":"https:\/\/api.w.org\/{rel}","templated":true}]}}