{"id":2669,"date":"2020-05-12T09:12:30","date_gmt":"2020-05-12T08:12:30","guid":{"rendered":"http:\/\/consuladobarcelona.gob.ve\/webalterna\/?p=2669"},"modified":"2020-05-12T09:12:30","modified_gmt":"2020-05-12T08:12:30","slug":"venezuela-insta-al-gobierno-colombiano-a-resolver-con-realismo-politico-la-situacion-de-embarcaciones-artilladas-halladas-en-el-orinoco","status":"publish","type":"post","link":"https:\/\/consuladobarcelona.gob.ve\/webalterna\/venezuela-insta-al-gobierno-colombiano-a-resolver-con-realismo-politico-la-situacion-de-embarcaciones-artilladas-halladas-en-el-orinoco\/","title":{"rendered":"Venezuela insta al Gobierno colombiano a resolver con realismo pol\u00edtico la situaci\u00f3n de embarcaciones artilladas halladas en el Orinoco"},"content":{"rendered":"<p>El canciller de la Rep\u00fablica Bolivariana de Venezuela, Jorge Arreaza, inst\u00f3 al Gobierno de Iv\u00e1n Duque a entrar un poco en el realismo pol\u00edtico, para resolver lo que calific\u00f3 como la extra\u00f1a situaci\u00f3n en la que fueron halladas <strong>embarcaciones fluviales artilladas pertenecientes a la Armada colombiana en la rivera del Orinoco<\/strong>, territorio venezolano.<\/p>\n<p>El representante de la Diplomacia de Paz, asegur\u00f3, durante una entrevista concedida a Radio Caracol Colombia, que la Armada venezolana conjuntamente con la Fiscal\u00eda General de la Rep\u00fablica se encuentran haciendo las <strong>investigaciones<\/strong> pertinentes para determinar lo ocurrido, luego que el Comandante de la Armada colombiana, almirante Evelio Ram\u00edrez, asegurara que las tres embarcaciones artilladas fueron arrastradas por la corriente. Calific\u00f3 la situaci\u00f3n como extra\u00f1a debido a que estas <strong>embarcaciones tienen un uso de patrullaje y son letales<\/strong>, por lo que asegur\u00f3 que es <strong>poco probable que dejen que sean arrastradas por la corriente<\/strong>.<\/p>\n<p>Aunque asegur\u00f3 que las embarcaciones fueron ubicadas vac\u00edas, no se descarta ning\u00fana posibilidad del ingreso de <strong>hombres armados<\/strong> al territorio nacional, esto luego del acontecimiento de la Alta Guajira y la serie de denuncias que el Gobierno Bolivariano lleva haciendo desde el a\u00f1o 2018, sobre la existencia de campos de entrenamientos de mercenarios y paramilitares bajo la complicidad del Gobierno colombiano, que tienen como fin atacar al territorio y a las autoridades de la Rep\u00fablica Bolivariana de Venezuela.<\/p>\n<p>En ese sentido, el Ministro para Relaciones Exteriores de Venezuela, reiter\u00f3 la <strong>necesidad de una comunicaci\u00f3n fluida entre ambos Gobiernos a los m\u00e1s altos niveles, para poder resolver este tipo de incidentes y otros muchos m\u00e1s graves<\/strong> que se producen a lo largo de los m\u00e1s de 2.200 kil\u00f3metros de frontera que comparten ambos pa\u00edses.<\/p>\n<p>Record\u00f3 que personalmente le escribi\u00f3 un sinn\u00famero de comunicaciones al excanciller Carlos Holmes Trujillo, mientras que el ministro para la Defensa venezolano, G\/J Vladimir Padrino L\u00f3pez, tambi\u00e9n hizo lo propio con su par, resultando infructuosos tales esfuerzos.<\/p>\n<p>Arreaza reiter\u00f3 que las embarcaciones est\u00e1n a buen resguardo, por lo que si las investigaciones no arrojan ninguna novedad, el presidente Nicol\u00e1s Maduro las devolver\u00e1 previa comunicaci\u00f3n de la Casa de Nari\u00f1o, seg\u00fan los protocolos internacionales de buena vecindad.\u00a0A\u00f1adi\u00f3 que la coordinaci\u00f3n entre ambos Gobiernos es fundamental incluso por respeto al pueblo colombiano. \u201cCoordinar con quien tienen que coordinar responsablemente\u201d, inst\u00f3.<\/p>\n<h4><\/h4>\n<h4><span style=\"color: #993300;\">\u201cEs m\u00e1s que obvia\u201d la complicidad y acci\u00f3n directa del Gobierno colombiano con planes terroristas<\/span><\/h4>\n<p>El canciller Jorge Arreaza asever\u00f3 que es notoria la participaci\u00f3n de Juan Guaid\u00f3 en los planes mercenarios que fueron frustrados por la uni\u00f3n c\u00edvico-militar-policial. La aseveraci\u00f3n se desprende del contrato firmado por el diputado de extrema derecha para ejecutar acciones de <strong>Golpe de Estado, magnicidio y desestabilizaci\u00f3n<\/strong> del pa\u00eds. \u201cEsta era una de sus opciones bajo la mesa, que lamentablemente involucra a nuestra hermana Rep\u00fablica de Colombia\u201d.<\/p>\n<p>Asegur\u00f3 que en 2o18, Venezuela entreg\u00f3 a las autoridades colombianas las coordenadas de los <strong>campos de entrenamiento paramilitar<\/strong> cerca de Barranquilla y tambi\u00e9n en la localidad de Chin\u00e1cota, tras el intento de Magcicidio contra el presidente Nicol\u00e1s Maduro, mientras que en 2019 denunci\u00f3 que el desertor Cl\u00edver Alcal\u00e1 junto a otros mercenarios estaban entren\u00e1ndose en la Alta Guajira para forzar la entrada de la supuesta ayuda humanitaria de EE.UU; posteriormente, en la ONU se presentaron las fotograf\u00edas y las coordenadas de los campos de entrenamiento incluso con fotograf\u00edas de las fachadas de las casas donde estos mercenarios han confesado que se la pasaban entren\u00e1ndose.<\/p>\n<p>\u201cPero a\u00fan m\u00e1s all\u00e1 desde que Cl\u00edver Alcal\u00e1 confiesa ante una radio colombiana, que \u00e9l estaba detr\u00e1s de una operaci\u00f3n con armas, que tiene gente en Colombia, es que se estaban entrenando para entrar en Venezuela. \u201cLuego el se\u00f1or ni siquiera pasa por la justicia colombiana, sino que ah\u00ed la DEA lo recoge como si estuvieran en EE.UU. y se lo llevan a territorio estadounidense. Desde el 26 de marzo que fue esa denuncia has el 3 de mayo, las autoridades colombianas, absolutamente nada hicieron, nada investigaron\u201d, denunci\u00f3.<\/p>\n<p>A\u00f1adi\u00f3 que las pruebas que comparti\u00f3 Venezuela con Colombia sobre estos campos de entrenamiento en su territorio, ahora se le suman los testimonios de m\u00e1s de 40 mercenarios, entre ellos dos estadounidenses, que han sido atrapados tras la fallida incursi\u00f3n armadas que buscaba asesinar al presidente Maduro.<\/p>\n<p>Tambi\u00e9n asegur\u00f3 que el testimonio de Jordan Goudreau constituye otra prueba de la vinculaci\u00f3n directa del Gobierno de Iv\u00e1n Duque con estos planes violentos. \u201cEs una ridiculez del se\u00f1or Duque estar negando esto\u201d, reproch\u00f3.<\/p>\n<p>\u201cUstedes saben que quien da las \u00f3rdenes es el <strong>Gobierno de EE.UU<\/strong>. Lamentablemente el se\u00f1or Duque se subordina, pero indiscutiblemente ese se\u00f1or Goudreau y su empresa, con permisos y contratos en Estados Unidos, se ha dicho que tambi\u00e9n ten\u00eda campos de trabajo en Jamaica y que ah\u00ed la CIA ten\u00eda conocimiento\u201d, revel\u00f3 sin dejar a las dudas sobre la participaci\u00f3n de la administraci\u00f3n de Donald Trump en estos planes.<\/p>\n<p>Asegur\u00f3 que la opci\u00f3n de Venezuela es hacer la denuncia y actuar. \u201cY si llevar con propiedad al se\u00f1or Duque y a los responsables ante la<strong> Corte Penal Internacional<\/strong> (CPI) y que suman ante el mundo y ante su pueblo la responsabilidad de estar agrediendo a un pa\u00eds\u00a0 vecino, a un pa\u00eds hermano, que ha acogido a m\u00e1s de 6 millones de colombianos a quienes queremos y amamos\u201d, asever\u00f3.<\/p>\n","protected":false},"excerpt":{"rendered":"<p>El canciller de la Rep\u00fablica Bolivariana de Venezuela, Jorge Arreaza, inst\u00f3 al Gobierno de Iv\u00e1n Duque a entrar un poco en el realismo pol\u00edtico, para resolver lo que calific\u00f3 como la extra\u00f1a situaci\u00f3n en la que fueron halladas embarcaciones fluviales artilladas pertenecientes a la Armada colombiana en la rivera del Orinoco, territorio venezolano. El representante\u2026 <span class=\"read-more\"><a href=\"https:\/\/consuladobarcelona.gob.ve\/webalterna\/venezuela-insta-al-gobierno-colombiano-a-resolver-con-realismo-politico-la-situacion-de-embarcaciones-artilladas-halladas-en-el-orinoco\/\">Leer m\u00e1s &raquo;<\/a><\/span><\/p>\n","protected":false},"author":3,"featured_media":2670,"comment_status":"closed","ping_status":"closed","sticky":false,"template":"","format":"standard","meta":{"footnotes":""},"categories":[5],"tags":[],"class_list":["post-2669","post","type-post","status-publish","format-standard","has-post-thumbnail","hentry","category-noticias"],"_links":{"self":[{"href":"https:\/\/consuladobarcelona.gob.ve\/webalterna\/wp-json\/wp\/v2\/posts\/2669","targetHints":{"allow":["GET"]}}],"collection":[{"href":"https:\/\/consuladobarcelona.gob.ve\/webalterna\/wp-json\/wp\/v2\/posts"}],"about":[{"href":"https:\/\/consuladobarcelona.gob.ve\/webalterna\/wp-json\/wp\/v2\/types\/post"}],"author":[{"embeddable":true,"href":"https:\/\/consuladobarcelona.gob.ve\/webalterna\/wp-json\/wp\/v2\/users\/3"}],"replies":[{"embeddable":true,"href":"https:\/\/consuladobarcelona.gob.ve\/webalterna\/wp-json\/wp\/v2\/comments?post=2669"}],"version-history":[{"count":1,"href":"https:\/\/consuladobarcelona.gob.ve\/webalterna\/wp-json\/wp\/v2\/posts\/2669\/revisions"}],"predecessor-version":[{"id":2671,"href":"https:\/\/consuladobarcelona.gob.ve\/webalterna\/wp-json\/wp\/v2\/posts\/2669\/revisions\/2671"}],"wp:featuredmedia":[{"embeddable":true,"href":"https:\/\/consuladobarcelona.gob.ve\/webalterna\/wp-json\/wp\/v2\/media\/2670"}],"wp:attachment":[{"href":"https:\/\/consuladobarcelona.gob.ve\/webalterna\/wp-json\/wp\/v2\/media?parent=2669"}],"wp:term":[{"taxonomy":"category","embeddable":true,"href":"https:\/\/consuladobarcelona.gob.ve\/webalterna\/wp-json\/wp\/v2\/categories?post=2669"},{"taxonomy":"post_tag","embeddable":true,"href":"https:\/\/consuladobarcelona.gob.ve\/webalterna\/wp-json\/wp\/v2\/tags?post=2669"}],"curies":[{"name":"wp","href":"https:\/\/api.w.org\/{rel}","templated":true}]}}