{"id":2562,"date":"2020-04-30T10:16:44","date_gmt":"2020-04-30T09:16:44","guid":{"rendered":"http:\/\/consuladobarcelona.gob.ve\/webalterna\/?p=2562"},"modified":"2020-04-30T10:16:44","modified_gmt":"2020-04-30T09:16:44","slug":"coronavirus-venezuela-llega-a-331-contagios","status":"publish","type":"post","link":"https:\/\/consuladobarcelona.gob.ve\/webalterna\/coronavirus-venezuela-llega-a-331-contagios\/","title":{"rendered":"CORONAVIRUS &#8211; Venezuela llega a 331 contagios"},"content":{"rendered":"<p>\u201cVenezuela ya hoy llega a <strong>331 contagios por Covid-19<\/strong> dado a que en las \u00faltimas horas se detectaron 2 nuevos casos\u201d, inform\u00f3 la vicepresidenta Ejecutiva de la Rep\u00fablica, Delcy Rodr\u00edguez. Al ofrecer balance actualizado de las estad\u00edsticas del nuevo Coronavirus en Venezuela, desde la Sala de Prensa \u201cSim\u00f3n Bol\u00edvar\u201d en Miraflores, detall\u00f3 que a la fecha <strong>el 42.9 por ciento de los contagiados en el pa\u00eds se encuentran recuperados<\/strong>, lo que equivale a 142 personas.<\/p>\n<div class=\"row\">\n<div class=\"col-lg-10 col-md-10 col-sm-10\">\n<div class=\"entry-content mippci-entry-content\">\n<p>De los casos que se registran en el pa\u00eds, 69 pacientes est\u00e1n con insuficiencia respiratoria leve, 3 con insuficiencia respiratoria moderada y 2 con insuficiencia respiratoria grave atendidos en Unidad de Cuidados Intensivos, manteni\u00e9ndose el n\u00famero de 10 defunciones. Por otro lado, 105 son asintom\u00e1ticos, raz\u00f3n por la cual Rodr\u00edguez hizo enfasis en la relevancia que tiene el uso de la mascarilla para evitar el contagio.<\/p>\n<p>Comunic\u00f3 que <strong>el sistema p\u00fablico de salud ha realizado hasta la fecha 458 mil 737 pruebas<\/strong>, llegando as\u00ed a un total de 15 mil 291 pruebas por mill\u00f3n de habitantes.<\/p>\n<p>&nbsp;<\/p>\n<\/div>\n<\/div>\n<\/div>\n","protected":false},"excerpt":{"rendered":"<p>\u201cVenezuela ya hoy llega a 331 contagios por Covid-19 dado a que en las \u00faltimas horas se detectaron 2 nuevos casos\u201d, inform\u00f3 la vicepresidenta Ejecutiva de la Rep\u00fablica, Delcy Rodr\u00edguez. Al ofrecer balance actualizado de las estad\u00edsticas del nuevo Coronavirus en Venezuela, desde la Sala de Prensa \u201cSim\u00f3n Bol\u00edvar\u201d en Miraflores, detall\u00f3 que a la\u2026 <span class=\"read-more\"><a href=\"https:\/\/consuladobarcelona.gob.ve\/webalterna\/coronavirus-venezuela-llega-a-331-contagios\/\">Leer m\u00e1s &raquo;<\/a><\/span><\/p>\n","protected":false},"author":3,"featured_media":2563,"comment_status":"closed","ping_status":"closed","sticky":false,"template":"","format":"standard","meta":{"footnotes":""},"categories":[5],"tags":[],"class_list":["post-2562","post","type-post","status-publish","format-standard","has-post-thumbnail","hentry","category-noticias"],"_links":{"self":[{"href":"https:\/\/consuladobarcelona.gob.ve\/webalterna\/wp-json\/wp\/v2\/posts\/2562","targetHints":{"allow":["GET"]}}],"collection":[{"href":"https:\/\/consuladobarcelona.gob.ve\/webalterna\/wp-json\/wp\/v2\/posts"}],"about":[{"href":"https:\/\/consuladobarcelona.gob.ve\/webalterna\/wp-json\/wp\/v2\/types\/post"}],"author":[{"embeddable":true,"href":"https:\/\/consuladobarcelona.gob.ve\/webalterna\/wp-json\/wp\/v2\/users\/3"}],"replies":[{"embeddable":true,"href":"https:\/\/consuladobarcelona.gob.ve\/webalterna\/wp-json\/wp\/v2\/comments?post=2562"}],"version-history":[{"count":1,"href":"https:\/\/consuladobarcelona.gob.ve\/webalterna\/wp-json\/wp\/v2\/posts\/2562\/revisions"}],"predecessor-version":[{"id":2564,"href":"https:\/\/consuladobarcelona.gob.ve\/webalterna\/wp-json\/wp\/v2\/posts\/2562\/revisions\/2564"}],"wp:featuredmedia":[{"embeddable":true,"href":"https:\/\/consuladobarcelona.gob.ve\/webalterna\/wp-json\/wp\/v2\/media\/2563"}],"wp:attachment":[{"href":"https:\/\/consuladobarcelona.gob.ve\/webalterna\/wp-json\/wp\/v2\/media?parent=2562"}],"wp:term":[{"taxonomy":"category","embeddable":true,"href":"https:\/\/consuladobarcelona.gob.ve\/webalterna\/wp-json\/wp\/v2\/categories?post=2562"},{"taxonomy":"post_tag","embeddable":true,"href":"https:\/\/consuladobarcelona.gob.ve\/webalterna\/wp-json\/wp\/v2\/tags?post=2562"}],"curies":[{"name":"wp","href":"https:\/\/api.w.org\/{rel}","templated":true}]}}