{"id":2559,"date":"2020-04-30T10:08:31","date_gmt":"2020-04-30T09:08:31","guid":{"rendered":"http:\/\/consuladobarcelona.gob.ve\/webalterna\/?p=2559"},"modified":"2020-04-30T10:08:31","modified_gmt":"2020-04-30T09:08:31","slug":"canciller-arreaza-la-ue-se-niega-a-coordinar-asistencia-humanitaria-con-el-gobierno-venezolano","status":"publish","type":"post","link":"https:\/\/consuladobarcelona.gob.ve\/webalterna\/canciller-arreaza-la-ue-se-niega-a-coordinar-asistencia-humanitaria-con-el-gobierno-venezolano\/","title":{"rendered":"Canciller Arreaza: la UE se niega a coordinar asistencia humanitaria con el Gobierno venezolano"},"content":{"rendered":"<p>El ministro del Poder Popular para Relaciones Exteriores<strong> Jorge Arreaza<\/strong> asever\u00f3 este mi\u00e9rcoles que los pa\u00edses de Europa pretenden distraer a su opini\u00f3n p\u00fablica del manejo err\u00e1tico del coronavirus expresando preocupaci\u00f3n por la pandemia en Venezuela.<\/p>\n<p>El pronunciamiento surgi\u00f3 en respuesta al ataque de Alemania, Francia y el Reino Unido que debatieron este 28 de abril en la sesi\u00f3n virtual del <strong>Consejo de Seguridad<\/strong> de la ONU, el presunto impacto que ha tenido la coyuntura econ\u00f3mica de Venezuela sobre la atenci\u00f3n humanitaria, especialmente durante la pandemia por Covid-19.\u00a0Esto ignorando los esfuerzos realizados por el Gobierno Bolivariano que en coordinaci\u00f3n con la Organizaci\u00f3n Mundial de la Salud, el Sistema de Naciones Unidas, la Cruz Roja Internacional y pa\u00edses aliados ha logrado ingresar insumos m\u00e9dicos, pruebas diagn\u00f3sticas y tratamientos que son suministrados de manera gratuita al pueblo venezolano.<\/p>\n<p>\u201cEuropa que ha colapsado por el manejo err\u00e1tico del coronavirus pretende distraer a su opini\u00f3n p\u00fablica expresando preocupaci\u00f3n por la pandemia en Venezuela, donde<strong> hemos controlado el Covid-19 de manera mod\u00e9lica y ejemplar, con m\u00e9todos propios y conciencia del pueblo<\/strong>\u201d, escribi\u00f3 el Canciller en su cuenta Twitter @jaarreaza.<\/p>\n<p>Hasta la fecha Venezuela registra un total de <strong>331 casos<\/strong> confirmados, una tasa muy baja si se compara con Francia y Alemania que superan los 160 mil contagios.<\/p>\n<p>En este sentido, denunci\u00f3 que la Uni\u00f3n Europea \u00abimpone c\u00ednicamente <strong>sanciones<\/strong> al pa\u00eds caribe\u00f1o y a su vez pide no politizar la ayuda humanitaria mientras sus <strong>gobiernos se niegan a coordinar la asistencia con el gobierno constitucional de Venezuela<\/strong>, y paralelamente hacen env\u00edos a terceros pa\u00edses u organizaciones de dudoso origen con fines inciertos\u00bb.<\/p>\n<p>El Ministro del Poder Popular para Relaciones Exteriores tambi\u00e9n hizo menci\u00f3n al apoyo de los Estados independientes.<\/p>\n<p>\u201cMientras los Estados Independientes defendieron nuestra soberan\u00eda al reconocer los esfuerzos y logros en el control del Covid-19, el grupo de pa\u00edses de Europa ratific\u00f3 su <strong>subordinaci\u00f3n total a la pol\u00edtica de agresi\u00f3n de Washington<\/strong>\u201d, fustig\u00f3.<\/p>\n","protected":false},"excerpt":{"rendered":"<p>El ministro del Poder Popular para Relaciones Exteriores Jorge Arreaza asever\u00f3 este mi\u00e9rcoles que los pa\u00edses de Europa pretenden distraer a su opini\u00f3n p\u00fablica del manejo err\u00e1tico del coronavirus expresando preocupaci\u00f3n por la pandemia en Venezuela. El pronunciamiento surgi\u00f3 en respuesta al ataque de Alemania, Francia y el Reino Unido que debatieron este 28 de\u2026 <span class=\"read-more\"><a href=\"https:\/\/consuladobarcelona.gob.ve\/webalterna\/canciller-arreaza-la-ue-se-niega-a-coordinar-asistencia-humanitaria-con-el-gobierno-venezolano\/\">Leer m\u00e1s &raquo;<\/a><\/span><\/p>\n","protected":false},"author":3,"featured_media":2560,"comment_status":"closed","ping_status":"closed","sticky":false,"template":"","format":"standard","meta":{"footnotes":""},"categories":[5],"tags":[],"class_list":["post-2559","post","type-post","status-publish","format-standard","has-post-thumbnail","hentry","category-noticias"],"_links":{"self":[{"href":"https:\/\/consuladobarcelona.gob.ve\/webalterna\/wp-json\/wp\/v2\/posts\/2559","targetHints":{"allow":["GET"]}}],"collection":[{"href":"https:\/\/consuladobarcelona.gob.ve\/webalterna\/wp-json\/wp\/v2\/posts"}],"about":[{"href":"https:\/\/consuladobarcelona.gob.ve\/webalterna\/wp-json\/wp\/v2\/types\/post"}],"author":[{"embeddable":true,"href":"https:\/\/consuladobarcelona.gob.ve\/webalterna\/wp-json\/wp\/v2\/users\/3"}],"replies":[{"embeddable":true,"href":"https:\/\/consuladobarcelona.gob.ve\/webalterna\/wp-json\/wp\/v2\/comments?post=2559"}],"version-history":[{"count":1,"href":"https:\/\/consuladobarcelona.gob.ve\/webalterna\/wp-json\/wp\/v2\/posts\/2559\/revisions"}],"predecessor-version":[{"id":2561,"href":"https:\/\/consuladobarcelona.gob.ve\/webalterna\/wp-json\/wp\/v2\/posts\/2559\/revisions\/2561"}],"wp:featuredmedia":[{"embeddable":true,"href":"https:\/\/consuladobarcelona.gob.ve\/webalterna\/wp-json\/wp\/v2\/media\/2560"}],"wp:attachment":[{"href":"https:\/\/consuladobarcelona.gob.ve\/webalterna\/wp-json\/wp\/v2\/media?parent=2559"}],"wp:term":[{"taxonomy":"category","embeddable":true,"href":"https:\/\/consuladobarcelona.gob.ve\/webalterna\/wp-json\/wp\/v2\/categories?post=2559"},{"taxonomy":"post_tag","embeddable":true,"href":"https:\/\/consuladobarcelona.gob.ve\/webalterna\/wp-json\/wp\/v2\/tags?post=2559"}],"curies":[{"name":"wp","href":"https:\/\/api.w.org\/{rel}","templated":true}]}}