{"id":2549,"date":"2020-04-28T12:08:26","date_gmt":"2020-04-28T11:08:26","guid":{"rendered":"http:\/\/consuladobarcelona.gob.ve\/webalterna\/?p=2549"},"modified":"2020-04-28T12:08:26","modified_gmt":"2020-04-28T11:08:26","slug":"coronavirus-venezuela-reitera-apoyo-a-la-oms-mientras-registra-cuatro-nuevos-casos-de-covid-19","status":"publish","type":"post","link":"https:\/\/consuladobarcelona.gob.ve\/webalterna\/coronavirus-venezuela-reitera-apoyo-a-la-oms-mientras-registra-cuatro-nuevos-casos-de-covid-19\/","title":{"rendered":"CORONAVIRUS &#8211; Venezuela reitera apoyo a la OMS mientras registra cuatro nuevos casos de Covid-19"},"content":{"rendered":"<p>Este lunes, la Rep\u00fablica Bolivariana de Venezuela particip\u00f3 en una reuni\u00f3n t\u00e9cnica informativa, organizada por el Grupo de los 77 y China, junto con Irlanda, para tratar el tema de la pandemia del Covid-19 que afecta actualmente a la humanidad.<\/p>\n<p>El embajador alterno, Joaqu\u00edn P\u00e9rez, junto a representantes diplom\u00e1ticos de otras naciones, acudieron a este encuentro virtual desde <strong>Ginebra<\/strong>, Suiza, donde el director general, Tedros Adhanom y el director ejecutivo, Mike Ryan, de la Organizaci\u00f3n Mundial para la Salud (OMS) brindaron informaci\u00f3n relevante y actualizada para combatir este virus.<\/p>\n<p>\u201c<strong>Reiteramos el apoyo a la OMS e insistimos: una eventual vacuna debe tener un beneficio y alcance universal; debe ser un bien p\u00fablico mundial. Una vez desarrollada, su producci\u00f3n debe ser acelerada, de acceso equitativo y asequible. Solo as\u00ed garantizaremos control efectivo del Covid-19<\/strong>\u201d, expres\u00f3 el diplom\u00e1tico venezolano a trav\u00e9s de su cuenta Twitter @japerezve.<\/p>\n<p>Asimismo, se\u00f1al\u00f3 que en medio de esta pandemia, \u201cimpedir con <strong>sanciones<\/strong> los esfuerzos de un pa\u00eds para combatir el Covid-19, aumenta el riesgo para todos\u201d, por lo que inst\u00f3 a la comunidad internacional a la solidaridad y uni\u00f3n entre todos para luchar contra el enemigo en com\u00fan.<\/p>\n<p>Cabe destacar que el Director General de la OMS ha insistido que para poner fin al Covid-19 se necesita \u201cunidad y solidaridad mundial, asegurar el acceso equitativo a soluciones e innovaciones y fortalecer los sistemas de preparaci\u00f3n y salud en los pa\u00edses\u201d, sin embargo en algunas naciones como <strong>Estados Unidos<\/strong>, donde actualmente se encuentra el mayor n\u00famero de contagiados, ha optado por no centrar sus esfuerzos en la cooperaci\u00f3n internacional ni seguir con las recomendaciones pautadas por la organizaci\u00f3n.<\/p>\n<p>&nbsp;<\/p>\n<p><span style=\"color: #993300;\"><strong>Venezuela registra cuatro nuevos casos de Covid-19<\/strong><\/span><\/p>\n<p>El vicepresidente sectorial de Comunicaci\u00f3n, Cultura y Turismo, Jorge Rodr\u00edguez, inform\u00f3 la tarde de este lunes que Venezuela suma <strong>4 nuevos casos de contagio por Coronavirus<\/strong> (Covid-19), ubicados en los estados Anzo\u00e1tegui, Nueva Esparta y Bol\u00edvar, para llegar a un <strong>total de 32<\/strong>9. Detall\u00f3 que del total de casos registrados, <strong>142 (43,2%) se han recuperado<\/strong>; 89 se encuentran en hospitales centinelas; 64 en Centros de Diagn\u00f3stico Integral (CDI); 24 en cl\u00ednicas privadas y se mantiene la cifra de 10 fallecidos.<\/p>\n<p>Venezuela se constituye como uno de los pa\u00edses de la regi\u00f3n en realizar <strong>mayor\u00a0cantidad de test<\/strong> para la detecci\u00f3n de Covid-19, con un total de 440 mil 966, lo que representa 14 mil 699 pruebas por mill\u00f3n de habitantes. Rodr\u00edguez destac\u00f3 que la <strong>encuesta diagn\u00f3stica del Covid-19<\/strong> en la plataforma Patria ha sido respondida por 18 millones 988 mil 616 personas y hasta el momento han sido atendidos en el despistaje casa por casa 191 mil 035 venezolanos.<\/p>\n<p>El coronavirus ha cobrado la vida de 211 mil 98 personas a escala global y contagiado a 3 millones 56 mil 162, siendo Estado Unidos el epicentro de la pandemia con la tasa de mortandad m\u00e1s alta, 56 mil 560 fallecidos y 1 mill\u00f3n 5 mil 453 contagiados en su regi\u00f3n.<\/p>\n","protected":false},"excerpt":{"rendered":"<p>Este lunes, la Rep\u00fablica Bolivariana de Venezuela particip\u00f3 en una reuni\u00f3n t\u00e9cnica informativa, organizada por el Grupo de los 77 y China, junto con Irlanda, para tratar el tema de la pandemia del Covid-19 que afecta actualmente a la humanidad. El embajador alterno, Joaqu\u00edn P\u00e9rez, junto a representantes diplom\u00e1ticos de otras naciones, acudieron a este\u2026 <span class=\"read-more\"><a href=\"https:\/\/consuladobarcelona.gob.ve\/webalterna\/coronavirus-venezuela-reitera-apoyo-a-la-oms-mientras-registra-cuatro-nuevos-casos-de-covid-19\/\">Leer m\u00e1s &raquo;<\/a><\/span><\/p>\n","protected":false},"author":3,"featured_media":2550,"comment_status":"closed","ping_status":"closed","sticky":false,"template":"","format":"standard","meta":{"footnotes":""},"categories":[5],"tags":[],"class_list":["post-2549","post","type-post","status-publish","format-standard","has-post-thumbnail","hentry","category-noticias"],"_links":{"self":[{"href":"https:\/\/consuladobarcelona.gob.ve\/webalterna\/wp-json\/wp\/v2\/posts\/2549","targetHints":{"allow":["GET"]}}],"collection":[{"href":"https:\/\/consuladobarcelona.gob.ve\/webalterna\/wp-json\/wp\/v2\/posts"}],"about":[{"href":"https:\/\/consuladobarcelona.gob.ve\/webalterna\/wp-json\/wp\/v2\/types\/post"}],"author":[{"embeddable":true,"href":"https:\/\/consuladobarcelona.gob.ve\/webalterna\/wp-json\/wp\/v2\/users\/3"}],"replies":[{"embeddable":true,"href":"https:\/\/consuladobarcelona.gob.ve\/webalterna\/wp-json\/wp\/v2\/comments?post=2549"}],"version-history":[{"count":1,"href":"https:\/\/consuladobarcelona.gob.ve\/webalterna\/wp-json\/wp\/v2\/posts\/2549\/revisions"}],"predecessor-version":[{"id":2551,"href":"https:\/\/consuladobarcelona.gob.ve\/webalterna\/wp-json\/wp\/v2\/posts\/2549\/revisions\/2551"}],"wp:featuredmedia":[{"embeddable":true,"href":"https:\/\/consuladobarcelona.gob.ve\/webalterna\/wp-json\/wp\/v2\/media\/2550"}],"wp:attachment":[{"href":"https:\/\/consuladobarcelona.gob.ve\/webalterna\/wp-json\/wp\/v2\/media?parent=2549"}],"wp:term":[{"taxonomy":"category","embeddable":true,"href":"https:\/\/consuladobarcelona.gob.ve\/webalterna\/wp-json\/wp\/v2\/categories?post=2549"},{"taxonomy":"post_tag","embeddable":true,"href":"https:\/\/consuladobarcelona.gob.ve\/webalterna\/wp-json\/wp\/v2\/tags?post=2549"}],"curies":[{"name":"wp","href":"https:\/\/api.w.org\/{rel}","templated":true}]}}