{"id":2539,"date":"2020-04-27T15:23:11","date_gmt":"2020-04-27T14:23:11","guid":{"rendered":"http:\/\/consuladobarcelona.gob.ve\/webalterna\/?p=2539"},"modified":"2020-04-27T15:23:11","modified_gmt":"2020-04-27T14:23:11","slug":"coronavirus-casos-confirmados-ascienden-a-325-en-medio-de-una-campana-mediatica-adversa","status":"publish","type":"post","link":"https:\/\/consuladobarcelona.gob.ve\/webalterna\/coronavirus-casos-confirmados-ascienden-a-325-en-medio-de-una-campana-mediatica-adversa\/","title":{"rendered":"CORONAVIRUS &#8211; Casos confirmados ascienden a 325 en medio de una campa\u00f1a mediatica adversa"},"content":{"rendered":"<p>Dos personas han sido diagnosticadas con el coronavirus en Venezuela en las \u00faltimas 24 horas, aumentando el n\u00famero total de casos conocidos hasta 325, inform\u00f3 este domingo el presidente del pa\u00eds, Nicol\u00e1s Maduro, quien especific\u00f3 que 137 enfermos ya se han recuperado y <strong>10 murieron<\/strong>. Del resto, 86 est\u00e1n en hospitales y 27, en cl\u00ednicas privadas. 65 pacientes se encuentran en cuidados intensivos.<\/p>\n<p>Igualmente, el presidente denunci\u00f3 la <strong>campa\u00f1a incesante que mantienen los medios de comunicaci\u00f3n internacional para desestimar los esfuerzos del Gobierno Bolivariano ante la contenci\u00f3n de la pandemia<\/strong>. Sentenci\u00f3 que hace m\u00e1s de un mes medios de comunicaci\u00f3n de ultraderecha como The Washington Post, The New York Times y Miami Herald, anunciaban que \u201cVenezuela iba a ser el epicentro del Coronavirus en Am\u00e9rica Latina y luego se convertir\u00eda en el epicentro mundial del virus\u201d.<\/p>\n<p>Ante la contenci\u00f3n oportuna y medidas sanitarias implementadas por el Ejecutivo Nacional, que han conllevado a posicionar a <strong>Venezuela como el pa\u00eds de Suram\u00e9rica con menor n\u00famero de mortandad<\/strong> -con 0.03 fallecidos por mill\u00f3n de habitantes-, Maduro acot\u00f3 que la campa\u00f1a medi\u00e1tica es sistem\u00e1tica y que corresponsales de agencias como Reuters (Reino Unido) y The Associated Press (Estados Unidos), buscan malponer diariamente a Venezuela ante la opini\u00f3n internacional.<\/p>\n<p>Se refiri\u00f3 a un art\u00edculo de la agencia espa\u00f1ola EFE, publicado este s\u00e1bado, que desacredita la medida de cuarentena social como la herramienta m\u00e1s eficaz para contener la proliferaci\u00f3n del virus y los grandes esfuerzos del Gobierno Nacional por garantizar la asistencia social al pueblo venezolano.<\/p>\n<p>En esta l\u00ednea, el presidente Maduro invit\u00f3 al pueblo venezolano a hacer frente a estas campa\u00f1as \u201cmalintencionadas de manipulaci\u00f3n y guerra psicol\u00f3gica\u201d con la <strong>batalla de ideas y la fuerza de la verdad a trav\u00e9s de las redes sociales<\/strong>.<\/p>\n<p>M\u00e1s temprano, el vicepresidente de Comunicaci\u00f3n, Cultura y Turismo, Jorge Rodr\u00edguez, tambi\u00e9n denunci\u00f3 la continuidad de esta guerra medi\u00e1tica promovida por el imperialismo norteamericano en conjunto con la ultraderecha colombiana y venezolana, y a\u00f1adi\u00f3 que estos factores \u201cpersisten en la siembra de mentiras, guerra psicol\u00f3gica, en tratar de minimizar y disminuir la autoestima de los venezolanos para que se sientan derrotados psicol\u00f3gicamente frente a esta andanada (pandemia de Covid-19)\u201d.<\/p>\n<p>Venezuela<strong>\u00a0<\/strong>mantiene el establecimiento de controles sanitarios y epidemiol\u00f3gicos estrictos a compatriotas que retornan al pa\u00eds por los estados fronterizos, al tomar en consideraci\u00f3n que \u201c<strong>tanto Colombia como Brasil presentan un riesgo y una amenaza importante en cuanto a cadenas de contagios que puedan propagarse en Venezuela<\/strong>\u201d.<\/p>\n","protected":false},"excerpt":{"rendered":"<p>Dos personas han sido diagnosticadas con el coronavirus en Venezuela en las \u00faltimas 24 horas, aumentando el n\u00famero total de casos conocidos hasta 325, inform\u00f3 este domingo el presidente del pa\u00eds, Nicol\u00e1s Maduro, quien especific\u00f3 que 137 enfermos ya se han recuperado y 10 murieron. Del resto, 86 est\u00e1n en hospitales y 27, en cl\u00ednicas\u2026 <span class=\"read-more\"><a href=\"https:\/\/consuladobarcelona.gob.ve\/webalterna\/coronavirus-casos-confirmados-ascienden-a-325-en-medio-de-una-campana-mediatica-adversa\/\">Leer m\u00e1s &raquo;<\/a><\/span><\/p>\n","protected":false},"author":3,"featured_media":2541,"comment_status":"closed","ping_status":"closed","sticky":false,"template":"","format":"standard","meta":{"footnotes":""},"categories":[5],"tags":[],"class_list":["post-2539","post","type-post","status-publish","format-standard","has-post-thumbnail","hentry","category-noticias"],"_links":{"self":[{"href":"https:\/\/consuladobarcelona.gob.ve\/webalterna\/wp-json\/wp\/v2\/posts\/2539","targetHints":{"allow":["GET"]}}],"collection":[{"href":"https:\/\/consuladobarcelona.gob.ve\/webalterna\/wp-json\/wp\/v2\/posts"}],"about":[{"href":"https:\/\/consuladobarcelona.gob.ve\/webalterna\/wp-json\/wp\/v2\/types\/post"}],"author":[{"embeddable":true,"href":"https:\/\/consuladobarcelona.gob.ve\/webalterna\/wp-json\/wp\/v2\/users\/3"}],"replies":[{"embeddable":true,"href":"https:\/\/consuladobarcelona.gob.ve\/webalterna\/wp-json\/wp\/v2\/comments?post=2539"}],"version-history":[{"count":2,"href":"https:\/\/consuladobarcelona.gob.ve\/webalterna\/wp-json\/wp\/v2\/posts\/2539\/revisions"}],"predecessor-version":[{"id":2542,"href":"https:\/\/consuladobarcelona.gob.ve\/webalterna\/wp-json\/wp\/v2\/posts\/2539\/revisions\/2542"}],"wp:featuredmedia":[{"embeddable":true,"href":"https:\/\/consuladobarcelona.gob.ve\/webalterna\/wp-json\/wp\/v2\/media\/2541"}],"wp:attachment":[{"href":"https:\/\/consuladobarcelona.gob.ve\/webalterna\/wp-json\/wp\/v2\/media?parent=2539"}],"wp:term":[{"taxonomy":"category","embeddable":true,"href":"https:\/\/consuladobarcelona.gob.ve\/webalterna\/wp-json\/wp\/v2\/categories?post=2539"},{"taxonomy":"post_tag","embeddable":true,"href":"https:\/\/consuladobarcelona.gob.ve\/webalterna\/wp-json\/wp\/v2\/tags?post=2539"}],"curies":[{"name":"wp","href":"https:\/\/api.w.org\/{rel}","templated":true}]}}