{"id":2533,"date":"2020-04-23T11:30:36","date_gmt":"2020-04-23T10:30:36","guid":{"rendered":"http:\/\/consuladobarcelona.gob.ve\/webalterna\/?p=2533"},"modified":"2020-04-23T11:31:09","modified_gmt":"2020-04-23T10:31:09","slug":"pdte-maduro-impulsa-sectores-productivos-de-venezuea-mientras-se-detectan-diez-nuevos-casos-de-covid-19-en-el-pais","status":"publish","type":"post","link":"https:\/\/consuladobarcelona.gob.ve\/webalterna\/pdte-maduro-impulsa-sectores-productivos-de-venezuea-mientras-se-detectan-diez-nuevos-casos-de-covid-19-en-el-pais\/","title":{"rendered":"Pdte. Maduro impulsa sectores productivos de Venezuela mientras se detectan diez nuevos casos de Covid-19 en el pa\u00eds"},"content":{"rendered":"<div class=\"mippci-mobile-nav mippci-slide hidden-lg hidden-md\">\n<p>Al detectarse <strong>10 nuevos casos de Covid-19<\/strong>, el total de contagios ascendi\u00f3 a <strong>298<\/strong> en Venezuela, inform\u00f3 el presidente de la Rep\u00fablica, Nicol\u00e1s Maduro. Desde el Poliedro de Caracas, ubicado en Caracas, detall\u00f3 que los recientes casos est\u00e1n distribuidos geogr\u00e1ficamente en los estados T\u00e1chira (2) y Nueva Esparta (8), este \u00faltimo corresponde al foco de contagio localizado en la <strong>academia de b\u00e9isbol<\/strong> del municipio G\u00f3mez.<\/p>\n<\/div>\n<div id=\"content\" class=\"mippci-site-content mippci-slide\">\n<div class=\"mippci-section container mippci-no-sid\">\n<article id=\"post-401799\" class=\"mippci-single post-401799 post type-post status-publish format-standard has-post-thumbnail hentry category-destacada category-presidencial tag-destacado\">\n<div class=\"row\">\n<div class=\"col-lg-9 col-md-9 col-mod-single\">\n<div class=\"row\">\n<div class=\"col-lg-10 col-md-10 col-sm-10\">\n<div class=\"entry-content mippci-entry-content\">\n<p>Indic\u00f3 que <strong>la tasa de recuperaci\u00f3n se elev\u00f3 a 122 pacientes<\/strong>, lo que se traduce en el 41% de los casos reportados desde el 13 de marzo. En tanto, 85 permanecen en hospitales centinelas, 54 en Centros de Diagn\u00f3stico Integral (CDI) y 27 en cl\u00ednicas privadas.<\/p>\n<p>El Dignatario destac\u00f3 que la eficacia de las pol\u00edticas epidemiol\u00f3gicas de Venezuela responde al acatamiento de la <strong>cuarentena colectiva<\/strong>, mecanismo que\u00a0 \u201cnos ha permitido la contenci\u00f3n de la pandemia\u201d en comparaci\u00f3n con pa\u00edses como Estados Unidos y Brasil.<\/p>\n<p>\u201cNosotros estudiamos la pandemia desde el primer d\u00eda, hicimos seguimiento y cuando vimos los primeros casos llamamos a la conciencia y a la cuarentena. <strong>Los venezolanos le est\u00e1n dando ejemplo al mundo<\/strong> de c\u00f3mo un pueblo puede unirse en las dificultades para afrontar y salir adelante en medio de una circunstancia mundial \u00fanica e hist\u00f3rica\u201d, subray\u00f3.<\/p>\n<p>Por otro lado, el jefe de Estado apunt\u00f3 que de <strong>9 mil connacionales que retornaron desde Colombia<\/strong>, alrededor de siete mil se encuentran o est\u00e1n en camino a sus estados de origen.<\/p>\n<p>A escala global, se registran <strong>2 millones 631 mil 025 casos de Covid-19 en 210 territorios del mundo<\/strong>. Del total, 716 mil 811 pacientes se han recuperado y <strong>183 mil 783 fallecidos<\/strong>.<\/p>\n<p>El Presidente Maduro ofreci\u00f3 sus declaraciones durante una reuni\u00f3n para la <strong>financiaci\u00f3n del sector productivo<\/strong> como medida para enfrentar las secuelas econ\u00f3micas de la pandemia.<\/p>\n<\/div>\n<\/div>\n<\/div>\n<p>El presidente de Venezuela, Nicol\u00e1s Maduro, present\u00f3 este mi\u00e9rcoles el plan de financiaci\u00f3n y soporte para el ciclo invierno 2020 donde se ven involucrados los principales actores productivos del pa\u00eds y donde aprueba <strong>cr\u00e9ditos para activar 1 mill\u00f3n 120 mil h\u00e9ctarias de siembra<\/strong>.<\/p>\n<p>El mandatario orden\u00f3 al Gabinete Econ\u00f3mico tomar medidas para frenar la especulaci\u00f3n y \u201cel robo\u201d que se ha registrado en las \u00faltimas semanas por algunos sectores econ\u00f3micos. \u201cProtejamos al pueblo rubro por rubro, producto por producto, precio por precio\u201d, dijo.<\/p>\n<p>\u00abDe todo nos han hecho, la guerra con el d\u00f3lar, y han activado nuevamente una arremetida contra nosotros, a los actores econ\u00f3micos les digo p\u00f3nganse serios, porque estamos dispuestos a activar todos los mecanismos para defender al pueblo\u00bb, dijo Maduro<\/p>\n<p>Comunic\u00f3 que se realiz\u00f3 una reuni\u00f3n de ministros de agricultura de los pa\u00edses pertenecientes a la Organizaci\u00f3n de las Naciones Unidas para la Alimentaci\u00f3n y la Agricultura (<strong>FAO<\/strong>) donde quedaron satisfecho con los Comit\u00e9s Locales y Abastecimiento y Producci\u00f3n (<strong>CLAP<\/strong>) cuyo modelo hace llegar alimentos al pueblo a precios solidarios.<\/p>\n<\/div>\n<\/div>\n<\/article>\n<\/div>\n<\/div>\n","protected":false},"excerpt":{"rendered":"<p>Al detectarse 10 nuevos casos de Covid-19, el total de contagios ascendi\u00f3 a 298 en Venezuela, inform\u00f3 el presidente de la Rep\u00fablica, Nicol\u00e1s Maduro. Desde el Poliedro de Caracas, ubicado en Caracas, detall\u00f3 que los recientes casos est\u00e1n distribuidos geogr\u00e1ficamente en los estados T\u00e1chira (2) y Nueva Esparta (8), este \u00faltimo corresponde al foco de\u2026 <span class=\"read-more\"><a href=\"https:\/\/consuladobarcelona.gob.ve\/webalterna\/pdte-maduro-impulsa-sectores-productivos-de-venezuea-mientras-se-detectan-diez-nuevos-casos-de-covid-19-en-el-pais\/\">Leer m\u00e1s &raquo;<\/a><\/span><\/p>\n","protected":false},"author":3,"featured_media":2534,"comment_status":"closed","ping_status":"closed","sticky":false,"template":"","format":"standard","meta":{"footnotes":""},"categories":[5],"tags":[],"class_list":["post-2533","post","type-post","status-publish","format-standard","has-post-thumbnail","hentry","category-noticias"],"_links":{"self":[{"href":"https:\/\/consuladobarcelona.gob.ve\/webalterna\/wp-json\/wp\/v2\/posts\/2533","targetHints":{"allow":["GET"]}}],"collection":[{"href":"https:\/\/consuladobarcelona.gob.ve\/webalterna\/wp-json\/wp\/v2\/posts"}],"about":[{"href":"https:\/\/consuladobarcelona.gob.ve\/webalterna\/wp-json\/wp\/v2\/types\/post"}],"author":[{"embeddable":true,"href":"https:\/\/consuladobarcelona.gob.ve\/webalterna\/wp-json\/wp\/v2\/users\/3"}],"replies":[{"embeddable":true,"href":"https:\/\/consuladobarcelona.gob.ve\/webalterna\/wp-json\/wp\/v2\/comments?post=2533"}],"version-history":[{"count":2,"href":"https:\/\/consuladobarcelona.gob.ve\/webalterna\/wp-json\/wp\/v2\/posts\/2533\/revisions"}],"predecessor-version":[{"id":2536,"href":"https:\/\/consuladobarcelona.gob.ve\/webalterna\/wp-json\/wp\/v2\/posts\/2533\/revisions\/2536"}],"wp:featuredmedia":[{"embeddable":true,"href":"https:\/\/consuladobarcelona.gob.ve\/webalterna\/wp-json\/wp\/v2\/media\/2534"}],"wp:attachment":[{"href":"https:\/\/consuladobarcelona.gob.ve\/webalterna\/wp-json\/wp\/v2\/media?parent=2533"}],"wp:term":[{"taxonomy":"category","embeddable":true,"href":"https:\/\/consuladobarcelona.gob.ve\/webalterna\/wp-json\/wp\/v2\/categories?post=2533"},{"taxonomy":"post_tag","embeddable":true,"href":"https:\/\/consuladobarcelona.gob.ve\/webalterna\/wp-json\/wp\/v2\/tags?post=2533"}],"curies":[{"name":"wp","href":"https:\/\/api.w.org\/{rel}","templated":true}]}}