{"id":2523,"date":"2020-04-22T14:24:48","date_gmt":"2020-04-22T13:24:48","guid":{"rendered":"http:\/\/consuladobarcelona.gob.ve\/webalterna\/?p=2523"},"modified":"2020-04-22T14:27:16","modified_gmt":"2020-04-22T13:27:16","slug":"grupo-de-paises-solicitan-a-michelle-bachelet-incluir-levantamiento-de-sanciones-en-plan-de-respuesta-prioritaria-del-covid-19","status":"publish","type":"post","link":"https:\/\/consuladobarcelona.gob.ve\/webalterna\/grupo-de-paises-solicitan-a-michelle-bachelet-incluir-levantamiento-de-sanciones-en-plan-de-respuesta-prioritaria-del-covid-19\/","title":{"rendered":"Grupo de pa\u00edses solicitan a Michelle Bachelet incluir levantamiento de sanciones en plan de respuesta prioritaria del Covid-19"},"content":{"rendered":"<p>Este martes, un grupo de 10 pa\u00edses solicit\u00f3 a la alta comisionada de Derechos Humanos de las Naciones Unidas, Michelle Bachelet, la necesidad de incluir el levantamiento de las <strong>medidas coercitivas unilaterales<\/strong> en el actual plan de respuesta prioritaria a la pandemia del Covid-19, que se elabora en su oficina.<\/p>\n<p>A trav\u00e9s de la misiva conjunta, los gobiernos de la <strong>Rep\u00fablica Popular Democr\u00e1tica de Corea, Rusia, China, Cambodia, Zimbabue, Ir\u00e1n, Siria, Nicaragua, Cuba y Venezuela<\/strong>, concuerdan que el Coronavirus, \u201cpor lo terrible que es\u201d ha creado un nuevo impulso para reconocer la naturaleza inhumana de las mal llamadas sanciones y sus impactos letales en las poblaciones afectadas.<\/p>\n<p>Esto considerando las restricciones financieras y bancarias as\u00ed como las sanciones secundarias impuestas a diferentes sectores econ\u00f3micos, que han privado a estas naciones de sus propios recursos y les han impedido importar productos b\u00e1sicos, equipos y suministros m\u00e9dicos para los pacientes infectados.<\/p>\n<p>La informaci\u00f3n la dio a conocer el ministro del Poder Popular para Relaciones Exteriores, Jorge Arreaza, a trav\u00e9s de su cuenta Twitter @jaarreaza.<\/p>\n<p>Denunciaron adem\u00e1s que dichas medidas han <strong>afectado negativamente los esfuerzos de las organizaciones internacionales para ayudar a los pa\u00edses a responder al brote<\/strong>, \u201csocavando gravemente la cooperaci\u00f3n internacional\u201d.<\/p>\n<p>\u201cConfiamos en que usted, se\u00f1ora Alta Comisionada, conceder\u00e1 la atenci\u00f3n que merece a nuestro llamamiento para que se adopten medidas urgentes en apoyo a la solidaridad humana mundial\u201d.<\/p>\n<p>El pasado 23 de marzo la alta comisionada para los Derechos Humanos de la ONU, Michelle Bachelet, pidi\u00f3 que fuesen reevaluadas de manera urgente las sanciones de amplio espectro que aplican a pa\u00edses que enfrentan la pandemia como Cuba y Venezuela.<\/p>\n<p>\u201cEs fundamental que se evite el colapso de los sistemas sanitarios nacionales, teniendo en cuenta de la explosiva repercusi\u00f3n que eso podr\u00eda tener en t\u00e9rminos de muerte, sufrimiento y ampliaci\u00f3n del contagio\u201d, afirm\u00f3 Bachelet. En esa oportunidad sugiri\u00f3 que las sanciones deben atenuarse o suspenderse, tanto por razones de salud p\u00fablica como para <strong>reforzar los derechos y defender las vida de millones de personas en los pa\u00edses afectados<\/strong>.\u00a0\u201cLas exenciones humanitarias anexas a las sanciones deber\u00edan aplicarse de manera m\u00e1s amplia y eficaz\u201ddijo.<\/p>\n","protected":false},"excerpt":{"rendered":"<p>Este martes, un grupo de 10 pa\u00edses solicit\u00f3 a la alta comisionada de Derechos Humanos de las Naciones Unidas, Michelle Bachelet, la necesidad de incluir el levantamiento de las medidas coercitivas unilaterales en el actual plan de respuesta prioritaria a la pandemia del Covid-19, que se elabora en su oficina. A trav\u00e9s de la misiva\u2026 <span class=\"read-more\"><a href=\"https:\/\/consuladobarcelona.gob.ve\/webalterna\/grupo-de-paises-solicitan-a-michelle-bachelet-incluir-levantamiento-de-sanciones-en-plan-de-respuesta-prioritaria-del-covid-19\/\">Leer m\u00e1s &raquo;<\/a><\/span><\/p>\n","protected":false},"author":3,"featured_media":2524,"comment_status":"closed","ping_status":"closed","sticky":false,"template":"","format":"standard","meta":{"footnotes":""},"categories":[5],"tags":[],"class_list":["post-2523","post","type-post","status-publish","format-standard","has-post-thumbnail","hentry","category-noticias"],"_links":{"self":[{"href":"https:\/\/consuladobarcelona.gob.ve\/webalterna\/wp-json\/wp\/v2\/posts\/2523","targetHints":{"allow":["GET"]}}],"collection":[{"href":"https:\/\/consuladobarcelona.gob.ve\/webalterna\/wp-json\/wp\/v2\/posts"}],"about":[{"href":"https:\/\/consuladobarcelona.gob.ve\/webalterna\/wp-json\/wp\/v2\/types\/post"}],"author":[{"embeddable":true,"href":"https:\/\/consuladobarcelona.gob.ve\/webalterna\/wp-json\/wp\/v2\/users\/3"}],"replies":[{"embeddable":true,"href":"https:\/\/consuladobarcelona.gob.ve\/webalterna\/wp-json\/wp\/v2\/comments?post=2523"}],"version-history":[{"count":3,"href":"https:\/\/consuladobarcelona.gob.ve\/webalterna\/wp-json\/wp\/v2\/posts\/2523\/revisions"}],"predecessor-version":[{"id":2527,"href":"https:\/\/consuladobarcelona.gob.ve\/webalterna\/wp-json\/wp\/v2\/posts\/2523\/revisions\/2527"}],"wp:featuredmedia":[{"embeddable":true,"href":"https:\/\/consuladobarcelona.gob.ve\/webalterna\/wp-json\/wp\/v2\/media\/2524"}],"wp:attachment":[{"href":"https:\/\/consuladobarcelona.gob.ve\/webalterna\/wp-json\/wp\/v2\/media?parent=2523"}],"wp:term":[{"taxonomy":"category","embeddable":true,"href":"https:\/\/consuladobarcelona.gob.ve\/webalterna\/wp-json\/wp\/v2\/categories?post=2523"},{"taxonomy":"post_tag","embeddable":true,"href":"https:\/\/consuladobarcelona.gob.ve\/webalterna\/wp-json\/wp\/v2\/tags?post=2523"}],"curies":[{"name":"wp","href":"https:\/\/api.w.org\/{rel}","templated":true}]}}