{"id":2520,"date":"2020-04-21T18:40:49","date_gmt":"2020-04-21T17:40:49","guid":{"rendered":"http:\/\/consuladobarcelona.gob.ve\/webalterna\/?p=2520"},"modified":"2020-04-21T18:40:49","modified_gmt":"2020-04-21T17:40:49","slug":"coronavirus-asciende-a-285-casos-positivos-de-covid-19-en-venezuela","status":"publish","type":"post","link":"https:\/\/consuladobarcelona.gob.ve\/webalterna\/coronavirus-asciende-a-285-casos-positivos-de-covid-19-en-venezuela\/","title":{"rendered":"CORONAVIRUS &#8211; Asciende a 285 casos positivos de Covid-19 en Venezuela"},"content":{"rendered":"<p>\u201cEn las \u00faltimas 24 horas en Venezuela han sido diagnosticados 29 nuevos casos de contagio por Covid-19\u201d, detall\u00f3 la vicepresidenta Ejecutiva de la Rep\u00fablica, Delcy Rodr\u00edguez.\u00a0Se trata de 28 contagios por contacto comunitario y 1 por contacto internacional, ubic\u00e1ndose regionalmente de la siguiente manera: 7 en el estado Miranda, 1 en Portuguesa y 21 en Nueva Esparta.<\/p>\n<p>Entre los contagiados se encuentran 21 efectivos de la Guardia Nacional Bolivariana destacados en el Comando de Vigilancia Costera \u201cen el estado Nueva Esparta, vinculados al caso del foco principal que hemos venido viendo los \u00faltimos tres d\u00edas, derivados de una academia de b\u00e9isbol\u201d, ubicada en la isla, pormenoriz\u00f3.<\/p>\n<p>Asimismo, Rodr\u00edguez dio cuenta del fallecimiento de un ciudadano de 67 a\u00f1os edad, quien se encontraba recluido en terapia intensiva en una cl\u00ednica privada desde el pasado 13 de marzo.\u00a0La Vicepresidenta, en nombre del presidente de la Rep\u00fablica, Nicol\u00e1s Maduro Moros, expres\u00f3 palabras de condolencias a familiares y amigos de este ciudadano que luchaba contra el virus.<\/p>\n<p>Por otra parte, la alta funcionaria inform\u00f3 que \u201cVenezuela ha realizado 347 mil 236 pruebas, lo que nos coloca en 11 mil 577 test por mill\u00f3n de habitantes\u201d.<\/p>\n<p>&nbsp;<\/p>\n<p><strong>Sistema Patria<\/strong><\/p>\n<p>18 millones 696 mil 572 ciudadanos han respondido la encuesta de despistaje del COVID-19 disponible en el Sistema Patria, comunic\u00f3 la vicepresidenta Rodr\u00edguez, lo que equivale al 96,35 por ciento de las personas registradas en esta plataforma.\u00a0De los registros del d\u00eda, la encuesta arroj\u00f3 la detecci\u00f3n de 170 mil 718 casos a visitar, de los cuales fueron visitados a sus casas 169 mil 365 personas bajo la metodolog\u00eda de despistaje ampliado y personalizado.<\/p>\n<p>Los datos fueron aportados por Rodr\u00edguez tras encabezar jornada de trabajo con la Comisi\u00f3n Presidencial para el Seguimiento, Control y Prevenci\u00f3n del Covid-19.<\/p>\n","protected":false},"excerpt":{"rendered":"<p>\u201cEn las \u00faltimas 24 horas en Venezuela han sido diagnosticados 29 nuevos casos de contagio por Covid-19\u201d, detall\u00f3 la vicepresidenta Ejecutiva de la Rep\u00fablica, Delcy Rodr\u00edguez.\u00a0Se trata de 28 contagios por contacto comunitario y 1 por contacto internacional, ubic\u00e1ndose regionalmente de la siguiente manera: 7 en el estado Miranda, 1 en Portuguesa y 21 en\u2026 <span class=\"read-more\"><a href=\"https:\/\/consuladobarcelona.gob.ve\/webalterna\/coronavirus-asciende-a-285-casos-positivos-de-covid-19-en-venezuela\/\">Leer m\u00e1s &raquo;<\/a><\/span><\/p>\n","protected":false},"author":3,"featured_media":2521,"comment_status":"closed","ping_status":"closed","sticky":false,"template":"","format":"standard","meta":{"footnotes":""},"categories":[5],"tags":[],"class_list":["post-2520","post","type-post","status-publish","format-standard","has-post-thumbnail","hentry","category-noticias"],"_links":{"self":[{"href":"https:\/\/consuladobarcelona.gob.ve\/webalterna\/wp-json\/wp\/v2\/posts\/2520","targetHints":{"allow":["GET"]}}],"collection":[{"href":"https:\/\/consuladobarcelona.gob.ve\/webalterna\/wp-json\/wp\/v2\/posts"}],"about":[{"href":"https:\/\/consuladobarcelona.gob.ve\/webalterna\/wp-json\/wp\/v2\/types\/post"}],"author":[{"embeddable":true,"href":"https:\/\/consuladobarcelona.gob.ve\/webalterna\/wp-json\/wp\/v2\/users\/3"}],"replies":[{"embeddable":true,"href":"https:\/\/consuladobarcelona.gob.ve\/webalterna\/wp-json\/wp\/v2\/comments?post=2520"}],"version-history":[{"count":1,"href":"https:\/\/consuladobarcelona.gob.ve\/webalterna\/wp-json\/wp\/v2\/posts\/2520\/revisions"}],"predecessor-version":[{"id":2522,"href":"https:\/\/consuladobarcelona.gob.ve\/webalterna\/wp-json\/wp\/v2\/posts\/2520\/revisions\/2522"}],"wp:featuredmedia":[{"embeddable":true,"href":"https:\/\/consuladobarcelona.gob.ve\/webalterna\/wp-json\/wp\/v2\/media\/2521"}],"wp:attachment":[{"href":"https:\/\/consuladobarcelona.gob.ve\/webalterna\/wp-json\/wp\/v2\/media?parent=2520"}],"wp:term":[{"taxonomy":"category","embeddable":true,"href":"https:\/\/consuladobarcelona.gob.ve\/webalterna\/wp-json\/wp\/v2\/categories?post=2520"},{"taxonomy":"post_tag","embeddable":true,"href":"https:\/\/consuladobarcelona.gob.ve\/webalterna\/wp-json\/wp\/v2\/tags?post=2520"}],"curies":[{"name":"wp","href":"https:\/\/api.w.org\/{rel}","templated":true}]}}