{"id":2511,"date":"2020-04-20T11:48:06","date_gmt":"2020-04-20T10:48:06","guid":{"rendered":"http:\/\/consuladobarcelona.gob.ve\/webalterna\/?p=2511"},"modified":"2020-04-20T11:48:06","modified_gmt":"2020-04-20T10:48:06","slug":"venezuela-registra-29-nuevos-casos-positivos-de-covid-19-fomentados-por-foco-en-nueva-esparta","status":"publish","type":"post","link":"https:\/\/consuladobarcelona.gob.ve\/webalterna\/venezuela-registra-29-nuevos-casos-positivos-de-covid-19-fomentados-por-foco-en-nueva-esparta\/","title":{"rendered":"Venezuela registra 29 nuevos casos positivos de Covid-19 fomentados por foco en Nueva Esparta"},"content":{"rendered":"<p><strong>Venezuela detect\u00f3 en las \u00faltimas 24 horas un total de\u00a0 29 casos positivos de coronavirus<\/strong>, cifra r\u00e9cord desde que se registr\u00f3 el primer caso de Covid-19 en el pa\u00eds, con lo que la\u00a0<strong>cifra total de contagios se ubica en 256<\/strong>, de los cuales 117 se han recuperado, lo que equivale al 46% del total de contagios. As\u00ed inform\u00f3 la noche de este domingo el vicepresidente de Comunicaci\u00f3n, Cultura y Turismo, Jorge Rodr\u00edguez, quien detall\u00f3 tambi\u00e9n que los nuevos casos est\u00e1n ubicados geogr\u00e1ficamente en los estados Nueva Esparta (21), Miranda (5) y por ingreso fronterizo desde Colombia (3).<\/p>\n<div class=\"row\">\n<div class=\"col-lg-10 col-md-10 col-sm-10\">\n<div class=\"entry-content mippci-entry-content\">\n<p>Rodr\u00edguez indic\u00f3 que <strong>Venezuela se mantiene como el primer pa\u00eds de Am\u00e9rica Latina en realizar mayor cantidad de tests<\/strong> por mill\u00f3n de habitantes. \u201cAl d\u00eda de hoy hemos hecho <strong>m\u00e1s de 300 mil pruebas diagn\u00f3sticas<\/strong>, no existe en Am\u00e9rica Latina un pa\u00eds que est\u00e9 haciendo m\u00e1s n\u00famero de pruebas\u201d, precis\u00f3. Destac\u00f3 que contin\u00faa el despistaje ampliado y personalizado, a trav\u00e9s de la big data de la plataforma Patria en la que han participado 18 millones 637 mil 699 personas, de las cuales 167 mil 119 han sido visitadas por presentar s\u00edntomas gripales diversos.<\/p>\n<p>Rodr\u00edguez exhort\u00f3 a la poblaci\u00f3n venezolana a cumplir con los lineamientos emanados por el Gobierno Bolivariano, a fin de romper con la cadena de transmisi\u00f3n y evitar la propagaci\u00f3n del Coronavirus.\u00a0\u201cCumplamos con las normas de la cuarentena, respetemos las funciones que est\u00e1n cumpliendo los funcionarios civiles y militares\u201d, inst\u00f3.<\/p>\n<p>A escala global se registran 2 millones 403 mil 380 contagiados por la pandemia, 616 mil 553 pacientes recuperados y 165 mil 658 decesos.<\/p>\n<\/div>\n<\/div>\n<\/div>\n<p>&nbsp;<\/p>\n<p><span style=\"color: #800000;\"><strong>Toque de queda en Nueva Esparta y confinamiento en municipio de Miranda<\/strong><\/span><\/p>\n<p>El presidente de la Rep\u00fablica Bolivariana de Venezuela, Nicol\u00e1s Maduro, decret\u00f3 a partir de las 08:00 de la noche de este domingo y hasta las 10:00 de la ma\u00f1ana de este lunes 20 de abril, un toque de queda en el estado Nueva Esparta debido al <strong>foco de contagio por el nuevo coronavirus, luego que la Academia de B\u00e9isbol Roberto Vahlis irrespetara la cuarentena social adoptada para proteger al pueblo<\/strong> ante la amenaza que representa esta pandemia que ya ha cobrado la vida de m\u00e1s de 165 mil personas en todo el mundo.<\/p>\n<p>La medida de toque de queda, que garantizar\u00e1n los cuerpos de seguridad y Fuerza Armada Nacional Bolivariana (FANB) en la regi\u00f3n, iniciar\u00e1 nuevamente\u00a0el lunes a partir de las 4:00 de la tarde y se extender\u00e1 hasta las 10 de la ma\u00f1ana del d\u00eda siguiente, hasta que las autoridades sanitarias logren controlar el brote propiciado por no respetar la cuarentena social y colectiva.<\/p>\n<p>La medida anunciada por el vicepresidente sectorial para Comunicaci\u00f3n, Turismo y Cultura, Jorge Rodr\u00edguez desde el Palacio de Miraflores, se debe a que a la fecha un total de <strong>42 contagios se han registrado solo por este foco<\/strong>, luego de que el Gobierno Nacional realizara el <strong>Despistaje Masivo y\u00a0 Personalizado<\/strong>, una vez que la comunidad denunciara el irrespeto a la cuarentena.<\/p>\n<p>Detall\u00f3 que el Gobierno Nacional inici\u00f3 un <strong>proceso de investigaci\u00f3n<\/strong> debido a que \u201cestos 21 nuevos casos est\u00e1n directamente relacionados con los casos de los adultos, j\u00f3venes y ni\u00f1os pertenecientes a la Academia de B\u00e9isbol del municipio G\u00f3mez del estado Nueva Esparta y creemos que existe una relaci\u00f3n con los casos de contagio del municipio Maneiro que involucra a la Alcald\u00eda. Estamos investigando que el d\u00eda 13 de marzo vinieron en un vuelo desde <strong>Rep\u00fablica Dominicana<\/strong> tres ciudadanos contagiados y en ese vuelo se encontraba uno de los directivos de la Academia de B\u00e9isbol y un scout de un famoso equipo de Grandes Ligas, quien posteriormente dio positivo en Estados Unidos por Covid-19\u201d.<\/p>\n<p>Relat\u00f3 que al d\u00eda siguiente, un vuelo de Avior traslad\u00f3 desde Maiquet\u00eda a Nueva Esparta al scout de Grandes Ligas, un directivo de la Academia de B\u00e9isbol y trabajadores de la Alcald\u00eda de Maneiro y aclar\u00f3 que para el d\u00eda 13 abril no estaban restringidos los vuelos desde Rep\u00fablica Dominicana.<\/p>\n<p>En ese sentido, Rodr\u00edguez inst\u00f3 al gobernador de Nueva Esparta a no generar situaciones de zozobra y des\u00f3rdenes. \u201cVecinos del municipio G\u00f3mez reportaron el incumplimiento de la cuarentena de esa escuela ante la Gobernaci\u00f3n y pese a esto se mantuvo abierta la Academia Roberto Vahlis ya que hab\u00edan convocado a scouts de Grandes Ligas a un \u201c<em>tryout<\/em>\u201d con prospectos venezolanos.<\/p>\n<p>Rodr\u00edguez inform\u00f3 tambi\u00e9n sobre el <strong>confinamiento del municipio Acevedo<\/strong>, ubicado en el estado Miranda, a fin de realizar un despliegue exhaustivo para detectar posibles focos de contagio en la jurisdicci\u00f3n, a ra\u00edz del traslado de uno de los jugadores de la academia de b\u00e9isbol a Acevedo. A su llegada, el joven particip\u00f3 en una celebraci\u00f3n a causa de su contrataci\u00f3n en un equipo de las Grandes Ligas.<\/p>\n","protected":false},"excerpt":{"rendered":"<p>Venezuela detect\u00f3 en las \u00faltimas 24 horas un total de\u00a0 29 casos positivos de coronavirus, cifra r\u00e9cord desde que se registr\u00f3 el primer caso de Covid-19 en el pa\u00eds, con lo que la\u00a0cifra total de contagios se ubica en 256, de los cuales 117 se han recuperado, lo que equivale al 46% del total de\u2026 <span class=\"read-more\"><a href=\"https:\/\/consuladobarcelona.gob.ve\/webalterna\/venezuela-registra-29-nuevos-casos-positivos-de-covid-19-fomentados-por-foco-en-nueva-esparta\/\">Leer m\u00e1s &raquo;<\/a><\/span><\/p>\n","protected":false},"author":3,"featured_media":2512,"comment_status":"closed","ping_status":"closed","sticky":false,"template":"","format":"standard","meta":{"footnotes":""},"categories":[5],"tags":[],"class_list":["post-2511","post","type-post","status-publish","format-standard","has-post-thumbnail","hentry","category-noticias"],"_links":{"self":[{"href":"https:\/\/consuladobarcelona.gob.ve\/webalterna\/wp-json\/wp\/v2\/posts\/2511","targetHints":{"allow":["GET"]}}],"collection":[{"href":"https:\/\/consuladobarcelona.gob.ve\/webalterna\/wp-json\/wp\/v2\/posts"}],"about":[{"href":"https:\/\/consuladobarcelona.gob.ve\/webalterna\/wp-json\/wp\/v2\/types\/post"}],"author":[{"embeddable":true,"href":"https:\/\/consuladobarcelona.gob.ve\/webalterna\/wp-json\/wp\/v2\/users\/3"}],"replies":[{"embeddable":true,"href":"https:\/\/consuladobarcelona.gob.ve\/webalterna\/wp-json\/wp\/v2\/comments?post=2511"}],"version-history":[{"count":1,"href":"https:\/\/consuladobarcelona.gob.ve\/webalterna\/wp-json\/wp\/v2\/posts\/2511\/revisions"}],"predecessor-version":[{"id":2513,"href":"https:\/\/consuladobarcelona.gob.ve\/webalterna\/wp-json\/wp\/v2\/posts\/2511\/revisions\/2513"}],"wp:featuredmedia":[{"embeddable":true,"href":"https:\/\/consuladobarcelona.gob.ve\/webalterna\/wp-json\/wp\/v2\/media\/2512"}],"wp:attachment":[{"href":"https:\/\/consuladobarcelona.gob.ve\/webalterna\/wp-json\/wp\/v2\/media?parent=2511"}],"wp:term":[{"taxonomy":"category","embeddable":true,"href":"https:\/\/consuladobarcelona.gob.ve\/webalterna\/wp-json\/wp\/v2\/categories?post=2511"},{"taxonomy":"post_tag","embeddable":true,"href":"https:\/\/consuladobarcelona.gob.ve\/webalterna\/wp-json\/wp\/v2\/tags?post=2511"}],"curies":[{"name":"wp","href":"https:\/\/api.w.org\/{rel}","templated":true}]}}