{"id":2501,"date":"2020-04-17T09:55:48","date_gmt":"2020-04-17T08:55:48","guid":{"rendered":"http:\/\/consuladobarcelona.gob.ve\/webalterna\/?p=2501"},"modified":"2020-04-17T10:06:32","modified_gmt":"2020-04-17T09:06:32","slug":"venezuela-conmemora-17-anos-de-mision-barrio-adentro-cuando-cuenta-204-casos-de-covid-19","status":"publish","type":"post","link":"https:\/\/consuladobarcelona.gob.ve\/webalterna\/venezuela-conmemora-17-anos-de-mision-barrio-adentro-cuando-cuenta-204-casos-de-covid-19\/","title":{"rendered":"Venezuela conmemora 17 a\u00f1os de Misi\u00f3n Barrio Adentro en medio de la pandemia. Los casos de COVID19 subieron a 204"},"content":{"rendered":"<p>El presidente de Venezuela, Nicol\u00e1s Maduro, celebr\u00f3 este jueves los 17 a\u00f1os de existencia de la Misi\u00f3n Barrio Adentro, programa social de atenci\u00f3n p\u00fablica de salud que se caracteriza por la presencia de<strong> miles de m\u00e9dicos cubanos y venezolanos en las comunidades m\u00e1s necesitadas<\/strong> de ese pa\u00eds.<\/p>\n<p>En el a\u00f1o 2003, los presidentes de entonces de Venezuela y Cuba, Hugo Ch\u00e1vez y Fidel Castro, suscribieron un convenio de cooperaci\u00f3n en materia de salud que hasta el momento ha permanecido sin interrupciones en Venezuela y que tiene su \u00e9nfasis en la <strong>atenci\u00f3n preventiva, ambulatoria y primaria<\/strong>.<\/p>\n<p>\u00abJunto a los m\u00e9dicos y cient\u00edficos celebramos el 17\u00b0 Aniversario de la Misi\u00f3n Barrio Adentro Salud, reconociendo su gran esfuerzo para hacer frente a la pandemia\u00bb, expres\u00f3 el mandatario nacional.<\/p>\n<p>Asimismo, llam\u00f3 a todo el personal de salud de su pa\u00eds y a la sociedad toda, a reflexionar sobre la importancia del momento epidemiol\u00f3gico y a valorar la circunstancia como una gran oportunidad para perfeccionar al m\u00e1ximo el sistema de salud p\u00fablica en Venezuela.<\/p>\n<p>En d\u00edas pasados, voceros del Gobierno central han destacado que la referida Misi\u00f3n Barrio Adentro cuenta con m\u00e1s de <strong>20 mil trabajadores del sector salud desplegados en todo el territorio nacional luchando contra la COVID-19<\/strong>, visitando en sus casas a personas con s\u00edntomas gripales.<\/p>\n<p>La pol\u00edtica p\u00fablica tambi\u00e9n tiene una importante infraestructura: <strong>573 Centros de Diagn\u00f3stico Integral (CDI)<\/strong> distribuidos en toda la geograf\u00eda venezolana y varios <strong>miles de consultorios ambulatorios populares<\/strong>.\u00a0Barrio Adentro I brinda atenci\u00f3n preventiva en m\u00f3dulos y consultorios populares. Barrio Adentro II est\u00e1 conformado por CDI, las Salas de Rehabilitaci\u00f3n Integral (SRI) y los Centros de Alta Tecnolog\u00eda (CAT), y Barrio Adentro III es medicina especializada. Barrio Adentro III no cuenta con mayor infraestructura en Venezuela, pero se encarga de abordar enfermedades espec\u00edficas y atender casos graves y delicados de cirug\u00edas que a veces se realizan en La Habana.<\/p>\n<p>En medio de la conmemoraci\u00f3n que encabez\u00f3 Maduro, el jefe de Estado inform\u00f3 tambi\u00e9n que, durante las \u00faltimas 24 horas, Venezuela ha confirmado <strong>otros 7 casos de COVID-19 para alcanzar los 204 casos a nivel nacional<\/strong>. De esa cifra total, se han recuperado plenamente 111 pacientes, representando un 54 por ciento del total de personas contagiadas. La curva de contagios se mantiene aplanada en esa naci\u00f3n.<\/p>\n","protected":false},"excerpt":{"rendered":"<p>El presidente de Venezuela, Nicol\u00e1s Maduro, celebr\u00f3 este jueves los 17 a\u00f1os de existencia de la Misi\u00f3n Barrio Adentro, programa social de atenci\u00f3n p\u00fablica de salud que se caracteriza por la presencia de miles de m\u00e9dicos cubanos y venezolanos en las comunidades m\u00e1s necesitadas de ese pa\u00eds. En el a\u00f1o 2003, los presidentes de entonces\u2026 <span class=\"read-more\"><a href=\"https:\/\/consuladobarcelona.gob.ve\/webalterna\/venezuela-conmemora-17-anos-de-mision-barrio-adentro-cuando-cuenta-204-casos-de-covid-19\/\">Leer m\u00e1s &raquo;<\/a><\/span><\/p>\n","protected":false},"author":3,"featured_media":2502,"comment_status":"closed","ping_status":"closed","sticky":false,"template":"","format":"standard","meta":{"footnotes":""},"categories":[5],"tags":[],"class_list":["post-2501","post","type-post","status-publish","format-standard","has-post-thumbnail","hentry","category-noticias"],"_links":{"self":[{"href":"https:\/\/consuladobarcelona.gob.ve\/webalterna\/wp-json\/wp\/v2\/posts\/2501","targetHints":{"allow":["GET"]}}],"collection":[{"href":"https:\/\/consuladobarcelona.gob.ve\/webalterna\/wp-json\/wp\/v2\/posts"}],"about":[{"href":"https:\/\/consuladobarcelona.gob.ve\/webalterna\/wp-json\/wp\/v2\/types\/post"}],"author":[{"embeddable":true,"href":"https:\/\/consuladobarcelona.gob.ve\/webalterna\/wp-json\/wp\/v2\/users\/3"}],"replies":[{"embeddable":true,"href":"https:\/\/consuladobarcelona.gob.ve\/webalterna\/wp-json\/wp\/v2\/comments?post=2501"}],"version-history":[{"count":2,"href":"https:\/\/consuladobarcelona.gob.ve\/webalterna\/wp-json\/wp\/v2\/posts\/2501\/revisions"}],"predecessor-version":[{"id":2506,"href":"https:\/\/consuladobarcelona.gob.ve\/webalterna\/wp-json\/wp\/v2\/posts\/2501\/revisions\/2506"}],"wp:featuredmedia":[{"embeddable":true,"href":"https:\/\/consuladobarcelona.gob.ve\/webalterna\/wp-json\/wp\/v2\/media\/2502"}],"wp:attachment":[{"href":"https:\/\/consuladobarcelona.gob.ve\/webalterna\/wp-json\/wp\/v2\/media?parent=2501"}],"wp:term":[{"taxonomy":"category","embeddable":true,"href":"https:\/\/consuladobarcelona.gob.ve\/webalterna\/wp-json\/wp\/v2\/categories?post=2501"},{"taxonomy":"post_tag","embeddable":true,"href":"https:\/\/consuladobarcelona.gob.ve\/webalterna\/wp-json\/wp\/v2\/tags?post=2501"}],"curies":[{"name":"wp","href":"https:\/\/api.w.org\/{rel}","templated":true}]}}