{"id":2498,"date":"2020-04-16T12:10:42","date_gmt":"2020-04-16T11:10:42","guid":{"rendered":"http:\/\/consuladobarcelona.gob.ve\/webalterna\/?p=2498"},"modified":"2020-04-16T12:10:42","modified_gmt":"2020-04-16T11:10:42","slug":"coronavirus-venezuela-suma-el-mayor-porcentaje-de-pacientes-recuperados-en-america-latina","status":"publish","type":"post","link":"https:\/\/consuladobarcelona.gob.ve\/webalterna\/coronavirus-venezuela-suma-el-mayor-porcentaje-de-pacientes-recuperados-en-america-latina\/","title":{"rendered":"CORONAVIRUS &#8211; Venezuela suma el mayor porcentaje de pacientes recuperados en Am\u00e9rica Latina"},"content":{"rendered":"<p>Al alcanzar una tasa de recuperaci\u00f3n de 57,5 por ciento en casos de Covid-19, Venezuela registra el porcentaje m\u00e1s alentador de Am\u00e9rica Latina gracias a la efectividad de los protocolos sanitarios aplicados en la naci\u00f3n.\u00a0El balance lo ofreci\u00f3 el vicepresidente de Comunicaci\u00f3n, Cultura y Turismo, Jorge Rodr\u00edguez, quien detall\u00f3 que de 193 casos reportados, 111 pacientes est\u00e1n completamente recuperados.<\/p>\n<p>\u201cSon personas que no presentan ning\u00fan s\u00edntoma de los que presentaron cuando tuvieron la infecci\u00f3n, pero adem\u00e1s se le realiza una prueba diagn\u00f3stica (PCR) que debe dar negativa\u201d, explic\u00f3 desde el Puesto de Comando Presidencial, instalado en el Palacio de Miraflores, en Caracas.<\/p>\n<p>Rodr\u00edguez aclar\u00f3 que si un paciente es asintom\u00e1tico, pero el PCR resulta positivo no se considera recuperado y se mantiene en aislamiento preventivo.<\/p>\n<p>Venezuela suma hasta el momento 197 casos positivos de Covid-19 y nueve fallecidos. A escala global, la cifra de contagios asciende a 1 mill\u00f3n 993 mil 677.<\/p>\n","protected":false},"excerpt":{"rendered":"<p>Al alcanzar una tasa de recuperaci\u00f3n de 57,5 por ciento en casos de Covid-19, Venezuela registra el porcentaje m\u00e1s alentador de Am\u00e9rica Latina gracias a la efectividad de los protocolos sanitarios aplicados en la naci\u00f3n.\u00a0El balance lo ofreci\u00f3 el vicepresidente de Comunicaci\u00f3n, Cultura y Turismo, Jorge Rodr\u00edguez, quien detall\u00f3 que de 193 casos reportados, 111\u2026 <span class=\"read-more\"><a href=\"https:\/\/consuladobarcelona.gob.ve\/webalterna\/coronavirus-venezuela-suma-el-mayor-porcentaje-de-pacientes-recuperados-en-america-latina\/\">Leer m\u00e1s &raquo;<\/a><\/span><\/p>\n","protected":false},"author":3,"featured_media":2499,"comment_status":"closed","ping_status":"closed","sticky":false,"template":"","format":"standard","meta":{"footnotes":""},"categories":[5],"tags":[],"class_list":["post-2498","post","type-post","status-publish","format-standard","has-post-thumbnail","hentry","category-noticias"],"_links":{"self":[{"href":"https:\/\/consuladobarcelona.gob.ve\/webalterna\/wp-json\/wp\/v2\/posts\/2498","targetHints":{"allow":["GET"]}}],"collection":[{"href":"https:\/\/consuladobarcelona.gob.ve\/webalterna\/wp-json\/wp\/v2\/posts"}],"about":[{"href":"https:\/\/consuladobarcelona.gob.ve\/webalterna\/wp-json\/wp\/v2\/types\/post"}],"author":[{"embeddable":true,"href":"https:\/\/consuladobarcelona.gob.ve\/webalterna\/wp-json\/wp\/v2\/users\/3"}],"replies":[{"embeddable":true,"href":"https:\/\/consuladobarcelona.gob.ve\/webalterna\/wp-json\/wp\/v2\/comments?post=2498"}],"version-history":[{"count":1,"href":"https:\/\/consuladobarcelona.gob.ve\/webalterna\/wp-json\/wp\/v2\/posts\/2498\/revisions"}],"predecessor-version":[{"id":2500,"href":"https:\/\/consuladobarcelona.gob.ve\/webalterna\/wp-json\/wp\/v2\/posts\/2498\/revisions\/2500"}],"wp:featuredmedia":[{"embeddable":true,"href":"https:\/\/consuladobarcelona.gob.ve\/webalterna\/wp-json\/wp\/v2\/media\/2499"}],"wp:attachment":[{"href":"https:\/\/consuladobarcelona.gob.ve\/webalterna\/wp-json\/wp\/v2\/media?parent=2498"}],"wp:term":[{"taxonomy":"category","embeddable":true,"href":"https:\/\/consuladobarcelona.gob.ve\/webalterna\/wp-json\/wp\/v2\/categories?post=2498"},{"taxonomy":"post_tag","embeddable":true,"href":"https:\/\/consuladobarcelona.gob.ve\/webalterna\/wp-json\/wp\/v2\/tags?post=2498"}],"curies":[{"name":"wp","href":"https:\/\/api.w.org\/{rel}","templated":true}]}}