{"id":2491,"date":"2020-04-15T16:09:46","date_gmt":"2020-04-15T15:09:46","guid":{"rendered":"http:\/\/consuladobarcelona.gob.ve\/webalterna\/?p=2491"},"modified":"2020-04-15T16:23:06","modified_gmt":"2020-04-15T15:23:06","slug":"empresarios-y-ejecutivo-venezolano-se-preparan-para-reactivar-economia-postpandemia","status":"publish","type":"post","link":"https:\/\/consuladobarcelona.gob.ve\/webalterna\/empresarios-y-ejecutivo-venezolano-se-preparan-para-reactivar-economia-postpandemia\/","title":{"rendered":"Empresarios y Ejecutivo se preparan para reactivar la econom\u00eda \u00abpostpandemia\u00bb"},"content":{"rendered":"<p>Los empresarios y el Gobierno Nacional se preparan para activar un plan de econom\u00eda postpandemia.<\/p>\n<p>\u201cLo hecho en Venezuela est\u00e1 demostrando que<strong> tenemos capacidades instaladas y talento<\/strong> que podemos utilizar, nuestro <strong>Departamento de Desarrollo, Investigaci\u00f3n e Innovaci\u00f3n<\/strong> est\u00e1 trabajando, planeando, con miras a adecuar los productos a las nuevas necesidades\u00bb, afirm\u00f3 este mi\u00e9rcoles Orlando Camacho, presidente de Fedeindustria.\u00a0Agreg\u00f3 que los empresarios van a continuar en Venezuela para que sea un pa\u00eds de prosperidad econ\u00f3mica, con el trabajo de todos, el <strong>di\u00e1logo productivo<\/strong>, el entendimiento, con la coordinaci\u00f3n y la virtualizaci\u00f3n, \u201chay que aprovechar de actualizar todos los documentos, registros mercantiles y civiles a trav\u00e9s de <strong>internet<\/strong>. Este es el momento ideal para que puedan trabajar con sistemas de televenta, de conexi\u00f3n remota, para que puedan actualizar sus empresas\u201d.<\/p>\n<p>Durante un pase telef\u00f3nico con el programa Al Aire que transmite Venezolana de Televisi\u00f3n, Camacho agradeci\u00f3 al presidente de la Rep\u00fablica Bolivariana de Venezuela, Nicol\u00e1s Maduro, y a la Comisi\u00f3n Presidencial para Control y Prevenci\u00f3n del coronavirus por cuidar a todos los venezolanos ante esta pandemia global.<\/p>\n<p>Lo hecho en Venezuela va a ser la columna vertebral de nuestras empresas porque todo se va a demorar en importar, vuelos, transporte, fletes y por las <strong>medidas coercitivas<\/strong> aplicadas por el Gobierno estadounidense<\/p>\n<p>El Presidente de Fedeindustria precis\u00f3 que se han mantenido en <strong>contacto directo con el vicepresidente sectorial del \u00c1rea\u00a0 Econ\u00f3mica, Tarek El Aissami<\/strong>, y con la ministra del Poder Popular para el Comercio Nacional, Eneida Laya, con el fin de hacer seguimiento a tres grandes rubros: <strong>alimentos<\/strong>, que es fundamental; <strong>medicamentos<\/strong> y, <strong>laboratorio farmac\u00e9utico<\/strong>, \u00a0en especial a aquellas medicinas de enfermedades preexistentes y tambi\u00e9n de las que puedan combatir el Covid19.<\/p>\n<p>Refiri\u00f3 adem\u00e1s que el 90 % de los laboratorios que hay en Venezuela, que son aproximadamente\u00a0 38 nacionales y algunas que tienen representaci\u00f3n, han estado trabajando de forma normal con el 90 % trabajadores operarios en las plantas y los dem\u00e1s por teleconferencia, a trav\u00e9s de internet han podido resolver muchas de las cosas.\u00a0Camacho explic\u00f3 que a fin de garantizar la materia prima en los laboratorios para los pr\u00f3ximos ocho meses se realizan inventarios diarios, \u201cla econom\u00eda est\u00e1 organiz\u00e1ndose para la progresividad de salir de la pandemia, mientras no haya vacuna esa enfermedad va a existir, partimos de esa\u00a0 realidad hasta que haya una cura definitiva\u201d.<\/p>\n<p>Cada empresario, dijo, de esta industria se est\u00e1 articulando, ha aprovechado el tiempo para reflexionar, ordenar y revisar los planes de negocio para estar listo en la segunda l\u00ednea de batalla\u00a0 que son bienes insumos que van a requerir los alimentos, los empaques, los envases, etiquetas, \u201ctodo lo que viene aguas abajo despu\u00e9s de los alimentos y el sector salud, \u00a0como tambi\u00e9n los art\u00edculos de protecci\u00f3n fitosanitario para los lugares d\u00f3nde se est\u00e1 trabajando\u201d.<\/p>\n<p>Explic\u00f3 que a fin de garantizar la materia prima en los laboratorios para los pr\u00f3ximos ocho meses se realizan inventarios diarios, \u201cla econom\u00eda est\u00e1 organiz\u00e1ndose para la progresividad de salir de la pandemia, mientras no haya vacuna esa enfermedad va a existir, partimos de esa\u00a0 realidad hasta que haya una cura definitiva\u201d.<\/p>\n<p>Cada empresario\u00a0 de esta industria se est\u00e1 articulando, ha aprovechado el tiempo para reflexionar, ordenar y revisar los planes de negocio para estar listo en la segunda l\u00ednea de batalla\u00a0 que son bienes insumos que van a requerir los alimentos, los empaques, los envases, etiquetas, \u201ctodo lo que viene aguas abajo despu\u00e9s de los alimentos y el sector salud, \u00a0como tambi\u00e9n los art\u00edculos de protecci\u00f3n fitosanitario para los lugares d\u00f3nde se est\u00e1 trabajando\u201d.<\/p>\n","protected":false},"excerpt":{"rendered":"<p>Los empresarios y el Gobierno Nacional se preparan para activar un plan de econom\u00eda postpandemia. \u201cLo hecho en Venezuela est\u00e1 demostrando que tenemos capacidades instaladas y talento que podemos utilizar, nuestro Departamento de Desarrollo, Investigaci\u00f3n e Innovaci\u00f3n est\u00e1 trabajando, planeando, con miras a adecuar los productos a las nuevas necesidades\u00bb, afirm\u00f3 este mi\u00e9rcoles Orlando Camacho,\u2026 <span class=\"read-more\"><a href=\"https:\/\/consuladobarcelona.gob.ve\/webalterna\/empresarios-y-ejecutivo-venezolano-se-preparan-para-reactivar-economia-postpandemia\/\">Leer m\u00e1s &raquo;<\/a><\/span><\/p>\n","protected":false},"author":3,"featured_media":2492,"comment_status":"closed","ping_status":"closed","sticky":false,"template":"","format":"standard","meta":{"footnotes":""},"categories":[5],"tags":[],"class_list":["post-2491","post","type-post","status-publish","format-standard","has-post-thumbnail","hentry","category-noticias"],"_links":{"self":[{"href":"https:\/\/consuladobarcelona.gob.ve\/webalterna\/wp-json\/wp\/v2\/posts\/2491","targetHints":{"allow":["GET"]}}],"collection":[{"href":"https:\/\/consuladobarcelona.gob.ve\/webalterna\/wp-json\/wp\/v2\/posts"}],"about":[{"href":"https:\/\/consuladobarcelona.gob.ve\/webalterna\/wp-json\/wp\/v2\/types\/post"}],"author":[{"embeddable":true,"href":"https:\/\/consuladobarcelona.gob.ve\/webalterna\/wp-json\/wp\/v2\/users\/3"}],"replies":[{"embeddable":true,"href":"https:\/\/consuladobarcelona.gob.ve\/webalterna\/wp-json\/wp\/v2\/comments?post=2491"}],"version-history":[{"count":5,"href":"https:\/\/consuladobarcelona.gob.ve\/webalterna\/wp-json\/wp\/v2\/posts\/2491\/revisions"}],"predecessor-version":[{"id":2497,"href":"https:\/\/consuladobarcelona.gob.ve\/webalterna\/wp-json\/wp\/v2\/posts\/2491\/revisions\/2497"}],"wp:featuredmedia":[{"embeddable":true,"href":"https:\/\/consuladobarcelona.gob.ve\/webalterna\/wp-json\/wp\/v2\/media\/2492"}],"wp:attachment":[{"href":"https:\/\/consuladobarcelona.gob.ve\/webalterna\/wp-json\/wp\/v2\/media?parent=2491"}],"wp:term":[{"taxonomy":"category","embeddable":true,"href":"https:\/\/consuladobarcelona.gob.ve\/webalterna\/wp-json\/wp\/v2\/categories?post=2491"},{"taxonomy":"post_tag","embeddable":true,"href":"https:\/\/consuladobarcelona.gob.ve\/webalterna\/wp-json\/wp\/v2\/tags?post=2491"}],"curies":[{"name":"wp","href":"https:\/\/api.w.org\/{rel}","templated":true}]}}