{"id":2483,"date":"2020-04-14T18:34:15","date_gmt":"2020-04-14T17:34:15","guid":{"rendered":"http:\/\/consuladobarcelona.gob.ve\/webalterna\/?p=2483"},"modified":"2020-04-14T18:35:11","modified_gmt":"2020-04-14T17:35:11","slug":"todo-11-tiene-su-13","status":"publish","type":"post","link":"https:\/\/consuladobarcelona.gob.ve\/webalterna\/todo-11-tiene-su-13\/","title":{"rendered":"\u00abTodo 11 tiene su 13\u00bb: Pdte. Nicol\u00e1s Maduro destaca uni\u00f3n c\u00edvico-militar a 18 a\u00f1os de golpe contra Ch\u00e1vez"},"content":{"rendered":"<p>Este lunes 13 de Abril, el pueblo de Venezuela celebr\u00f3 la uni\u00f3n c\u00edvico militar que hace 18 a\u00f1os derrot\u00f3 el golpe de Estado del 11 de Abril contra el Cdte. Hugo Rafael Ch\u00e1vez Fr\u00edas, planeado y ejecutado por sectores de la burgues\u00eda nacional e internacional y auspiciado por el imperio norteamericano.<\/p>\n<p>En recuerdo de dichos eventos, <strong>cada 13 de abril se celebra en Venezuela el D\u00eda de la Milicia Bolivariana, as\u00ed como el D\u00eda de la Dignidad Nacional y de la Reserva Militar<\/strong>. Desde el historico Cuartel de la Monta\u00f1a, el Presidente Nicol\u00e1s Maduro dijo:<\/p>\n<p>\u201c13 de abril, d\u00eda de insurrecci\u00f3n c\u00edvico-militar popular en donde el pueblo puso en su lugar a los usurpadores, a los traidores a la Patria, a los que pretendieron imponer una tiran\u00eda, una dictadura, a los que de un plumazo disolvieron todos los Poderes del pa\u00eds, se abrogaron todo el poder como si fueran monarcas, pero se les olvid\u00f3 un peque\u00f1o detalle: la uni\u00f3n c\u00edvico-militar, el <strong>Poder Popular C\u00edvico Militar<\/strong>\u201d.<\/p>\n<p>En la actualidad, un total de <strong>4.156.567 milicianos y milicianas est\u00e1n adiestrados y entrenados<\/strong> para la Defensa Integral de la Naci\u00f3n.<\/p>\n<p>&nbsp;<\/p>\n<p><strong>\u00ab\u00a1Liberen a Ch\u00e1vez!\u00bb<\/strong><\/p>\n<p>&nbsp;<\/p>\n<p>El 13 de abril de 2002, el Poder Popular bajo las consignas: \u201cCh\u00e1vez, amigo, el pueblo est\u00e1 contigo (\u2026) Ch\u00e1vez no renunci\u00f3, lo tienen secuestrado (\u2026) Liberen a Ch\u00e1vez\u201d, exigi\u00f3 en los alrededores del Palacio de Miraflores, respetar la Constituci\u00f3n de Venezuela y el regreso del l\u00edder revolucionario, quien se encontraba secuestrado por los poderes f\u00e1cticos organizados en partidos pol\u00edticos de ultraderecha, la iglesia, medios de comunicaci\u00f3n y un reducido grupo de militares que insubordinados violaron la Carta Magna.\u00a0Este alzamiento popular, le demostr\u00f3 al Gobierno de facto de Carmona Estanga y a las c\u00fapulas olig\u00e1rquicas, que el pueblo luchar\u00eda para devolver sano y salvo, al Presidente que ellos escogieron para liderar con la bandera de la soberan\u00eda, a Venezuela.<\/p>\n<p>Esta misi\u00f3n de rescate se ejecutaba, mientras los medios de comunicaci\u00f3n se sum\u00edan en un silencio medi\u00e1tico intencional, destinando su programaci\u00f3n a pel\u00edculas y series de dibujos animados, en vez de informar a la poblaci\u00f3n de los hechos que se suscitaban en el pa\u00eds.<\/p>\n<p>Los revolucionarios y revolucionarias exig\u00edan el regreso de Ch\u00e1vez, que oficialmente no hab\u00eda renunciado a la Presidencia prese a un comunicado del grupo golpista que as\u00ed lo hab\u00eda informado en cadena nacional.\u00a0Acto que quedo en evidencia, cuando el Comandante Eterno, tras ser aconsejado por el cabo Juan Bautista Rodr\u00edguez mientras estaba privado de libertad, plasm\u00f3 la verdad en una de las hojas que le dieron la ultra derecha al servicio del imperio, para que redactara su renuncia.<\/p>\n<p>\u201cYo, Hugo Ch\u00e1vez Fr\u00edas, venezolano, presidente de la Rep\u00fablica Bolivariana de Venezuela, declaro: No he renunciado al poder leg\u00edtimo que el pueblo venezolano me dio. \u00a1\u00a1Para siempre!! Hugo Ch\u00e1vez Fr\u00edas\u201d, escribi\u00f3 en el papel que fue llevado m\u00e1s tarde por Rodr\u00edguez hasta la Brigada de Paracaidistas de Maracay, para informar al pueblo venezolano lo que en realidad estaba sucediendo.<\/p>\n<p>\u201cHugo Ch\u00e1vez no ha renunciado\u201d, fueron las palabras que comenzaron a pregonarse por todos los rincones de la Ciudad Capital, provocando que m\u00e1s y m\u00e1s venezolanos se uniera a la consigna: \u201cLiberen a Ch\u00e1vez\u201d.<\/p>\n<p>Ante esto, los militares constitucionalistas se rebelaron contra Carmona Estanga, quien al sentirse arrinconado por la furia chavista no tuvo otra opci\u00f3n que dejar el cargo que hab\u00eda usurpado. Al tiempo que Diosdado Cabello, Vicepresidente Ejecutivo, para ese entonces, tom\u00f3 el cargo de Presidente Temporal de Venezuela, mientras Ch\u00e1vez era rescatado. Mientras tanto, la 42 Brigada de Infanter\u00eda Paracaidista del Ej\u00e9rcito venezolano, con asiento en la ciudad de Maracay, estado Aragua, activ\u00f3 la Operaci\u00f3n Rescate de la Dignidad Nacional, a la que r\u00e1pidamente se pleg\u00f3 la Guardia de Honor Presidencial, en uni\u00f3n c\u00edvico-militar. Los golpistas, al darse cuenta del movimiento de las tropas y el \u00edmpetu del pueblo revolucionario quienes rodeaban el Palacio de Miraflores, salieron huyendo.<\/p>\n<p>Horas m\u00e1s tardes, el Palacio de Miraflores y Caracas se estremecieron ante la noticia de que Ch\u00e1vez hab\u00eda sido rescatado y fue hasta las 2:50 de la madrugada del 14 de abril, en el helipuerto de Miraflores aterriz\u00f3 un helic\u00f3ptero S\u00faper Puma en el cual retornaba el l\u00edder revolucionario.<\/p>\n<p>Durante los hechos del 11,12 y 13 del a\u00f1o 2002, qued\u00f3 en evidencia la conciencia pol\u00edtica que sembr\u00f3 Hugo Ch\u00e1vez en los venezolanos y las venezolanas, demostr\u00e1ndole de esa manera a los fascistas a la orden del imperio norteamericano, que todo 11 tiene su 13.<\/p>\n<p>La uni\u00f3n c\u00edvico-militar ha sido el factor determinante para impedir una y otra vez, las pretensiones conspirativas de la derecha nacional e internacional que ahora se ciernen sobre el Gobierno del hijo de Ch\u00e1vez, Nicol\u00e1s Maduro, formando golpes de Estado continuamente, por ende, ante el resurgimiento en la actualidad de los sectores m\u00e1s despreciables de la oposici\u00f3n venezolana encabezados por los mismos actores de hace 18 a\u00f1os atr\u00e1s, la poblaci\u00f3n reanuda su esp\u00edritu de lucha y recuerda el sendero combativo que fortaleci\u00f3 la Revoluci\u00f3n.<\/p>\n<p>Estos personajes practican otras estrategias a\u00fan m\u00e1s lamentables, que las evidenciadas hace 18 a\u00f1os, tales como, el solicitar a instancias internacionales bloqueos econ\u00f3micos y financieros, e intervenciones internacionales, socavando as\u00ed la Constituci\u00f3n de la Rep\u00fablica y una historia de hombres y mujeres que han luchado por la independencia y soberan\u00eda de la Patria.<\/p>\n<p>&nbsp;<\/p>\n","protected":false},"excerpt":{"rendered":"<p>Este lunes 13 de Abril, el pueblo de Venezuela celebr\u00f3 la uni\u00f3n c\u00edvico militar que hace 18 a\u00f1os derrot\u00f3 el golpe de Estado del 11 de Abril contra el Cdte. Hugo Rafael Ch\u00e1vez Fr\u00edas, planeado y ejecutado por sectores de la burgues\u00eda nacional e internacional y auspiciado por el imperio norteamericano. En recuerdo de dichos\u2026 <span class=\"read-more\"><a href=\"https:\/\/consuladobarcelona.gob.ve\/webalterna\/todo-11-tiene-su-13\/\">Leer m\u00e1s &raquo;<\/a><\/span><\/p>\n","protected":false},"author":3,"featured_media":2484,"comment_status":"closed","ping_status":"closed","sticky":false,"template":"","format":"standard","meta":{"footnotes":""},"categories":[5],"tags":[],"class_list":["post-2483","post","type-post","status-publish","format-standard","has-post-thumbnail","hentry","category-noticias"],"_links":{"self":[{"href":"https:\/\/consuladobarcelona.gob.ve\/webalterna\/wp-json\/wp\/v2\/posts\/2483","targetHints":{"allow":["GET"]}}],"collection":[{"href":"https:\/\/consuladobarcelona.gob.ve\/webalterna\/wp-json\/wp\/v2\/posts"}],"about":[{"href":"https:\/\/consuladobarcelona.gob.ve\/webalterna\/wp-json\/wp\/v2\/types\/post"}],"author":[{"embeddable":true,"href":"https:\/\/consuladobarcelona.gob.ve\/webalterna\/wp-json\/wp\/v2\/users\/3"}],"replies":[{"embeddable":true,"href":"https:\/\/consuladobarcelona.gob.ve\/webalterna\/wp-json\/wp\/v2\/comments?post=2483"}],"version-history":[{"count":2,"href":"https:\/\/consuladobarcelona.gob.ve\/webalterna\/wp-json\/wp\/v2\/posts\/2483\/revisions"}],"predecessor-version":[{"id":2486,"href":"https:\/\/consuladobarcelona.gob.ve\/webalterna\/wp-json\/wp\/v2\/posts\/2483\/revisions\/2486"}],"wp:featuredmedia":[{"embeddable":true,"href":"https:\/\/consuladobarcelona.gob.ve\/webalterna\/wp-json\/wp\/v2\/media\/2484"}],"wp:attachment":[{"href":"https:\/\/consuladobarcelona.gob.ve\/webalterna\/wp-json\/wp\/v2\/media?parent=2483"}],"wp:term":[{"taxonomy":"category","embeddable":true,"href":"https:\/\/consuladobarcelona.gob.ve\/webalterna\/wp-json\/wp\/v2\/categories?post=2483"},{"taxonomy":"post_tag","embeddable":true,"href":"https:\/\/consuladobarcelona.gob.ve\/webalterna\/wp-json\/wp\/v2\/tags?post=2483"}],"curies":[{"name":"wp","href":"https:\/\/api.w.org\/{rel}","templated":true}]}}