{"id":2480,"date":"2020-04-13T20:49:14","date_gmt":"2020-04-13T19:49:14","guid":{"rendered":"http:\/\/consuladobarcelona.gob.ve\/webalterna\/?p=2480"},"modified":"2020-04-13T20:49:14","modified_gmt":"2020-04-13T19:49:14","slug":"coronavirus-venezuela-extiende-por-30-dias-mas-el-estado-de-alarma-los-contagiados-son-181","status":"publish","type":"post","link":"https:\/\/consuladobarcelona.gob.ve\/webalterna\/coronavirus-venezuela-extiende-por-30-dias-mas-el-estado-de-alarma-los-contagiados-son-181\/","title":{"rendered":"CORONAVIRUS &#8211; Venezuela extiende por 30 d\u00edas m\u00e1s el estado de alarma. Los contagiados son 181"},"content":{"rendered":"<p>La vicepresidenta de Venezuela, Delcy Rodr\u00edguez, en el marco de la despedida de expertos m\u00e9dicos chinos que compartieron conocimientos con profesionales de la salud en el pa\u00eds para combatir el Covid-19, anunci\u00f3 la ampliaci\u00f3n del estado de alarma impuesto en el pa\u00eds para contener la propagaci\u00f3n del coronavirus<\/p>\n<p>\u00abEl d\u00eda de hoy, el presidente Nicol\u00e1s Maduro ha decidido extender el estado de alarma por 30 d\u00edas m\u00e1s en el marco del estado de excepci\u00f3n contemplado en la Constituci\u00f3n de la Rep\u00fablica\u00bb, ha anunciado.<\/p>\n<p>\u00abEstamos en una importante batalla, siempre hemos hablado con la verdad, y hoy Venezuela puede decir que\u00a0<strong>su curva est\u00e1 aplanada<\/strong>\u00ab, ha afirmado, a\u00f1adiendo que, sin embargo, a\u00fan no se puede decir que el pa\u00eds ha \u00abganado esta batalla\u00bb. \u00abTenemos que seguir perseverando en la cuarentena, a la que nuestro pueblo realmente ha respondido\u00a0<strong>con gran disciplina y sacrificio<\/strong>\u00ab, ha reiterado.<\/p>\n<p>\u00abTenemos que seguir previniendo, porque en nuestro continente se encuentra el pa\u00eds que es hoy el epicentro de esta pandemia global, pero tambi\u00e9n tenemos pa\u00edses vecinos que desafortunadamente tienen curvas exponenciales y que podr\u00edan afectar o perturbar este proceso en Venezuela\u00bb, ha indicado Rodr\u00edguez.<\/p>\n<p>Asimismo, reiter\u00f3 que pese al infame bloqueo econ\u00f3mico impuesto por Estados Unidos (EE.UU.), Venezuela seguir\u00e1 combatiendo el virus e inst\u00f3 a Donald Trump a dejar de lado el odio contra naciones soberanas, \u00abOjal\u00e1 cesar\u00e1n sus agresiones y nos permita acceder a medicamentos y alimentos para aliviar este combate contra el Covid-19. Deber\u00eda tratar de ser una persona distinta, tiene la posibilidad de ayudar a la humanidad, pero debe dejar de lado tanto odio\u00bb, agreg\u00f3.<\/p>\n<p>Por su parte, el presidente de Venezuela, Nicol\u00e1s Maduro, ha informado este domingo que durante las \u00faltimas 24 horas se registraron 6 nuevos casos de coronavirus, lo que eleva a<strong> 181 el n\u00famero total de contagios<\/strong> en el pa\u00eds. Asimismo, la cantidad de decesos se mantiene en 9, mientras 93 personas lograron recuperarse de la enfermedad.<\/p>\n","protected":false},"excerpt":{"rendered":"<p>La vicepresidenta de Venezuela, Delcy Rodr\u00edguez, en el marco de la despedida de expertos m\u00e9dicos chinos que compartieron conocimientos con profesionales de la salud en el pa\u00eds para combatir el Covid-19, anunci\u00f3 la ampliaci\u00f3n del estado de alarma impuesto en el pa\u00eds para contener la propagaci\u00f3n del coronavirus \u00abEl d\u00eda de hoy, el presidente Nicol\u00e1s\u2026 <span class=\"read-more\"><a href=\"https:\/\/consuladobarcelona.gob.ve\/webalterna\/coronavirus-venezuela-extiende-por-30-dias-mas-el-estado-de-alarma-los-contagiados-son-181\/\">Leer m\u00e1s &raquo;<\/a><\/span><\/p>\n","protected":false},"author":3,"featured_media":2481,"comment_status":"closed","ping_status":"closed","sticky":false,"template":"","format":"standard","meta":{"footnotes":""},"categories":[5],"tags":[],"class_list":["post-2480","post","type-post","status-publish","format-standard","has-post-thumbnail","hentry","category-noticias"],"_links":{"self":[{"href":"https:\/\/consuladobarcelona.gob.ve\/webalterna\/wp-json\/wp\/v2\/posts\/2480","targetHints":{"allow":["GET"]}}],"collection":[{"href":"https:\/\/consuladobarcelona.gob.ve\/webalterna\/wp-json\/wp\/v2\/posts"}],"about":[{"href":"https:\/\/consuladobarcelona.gob.ve\/webalterna\/wp-json\/wp\/v2\/types\/post"}],"author":[{"embeddable":true,"href":"https:\/\/consuladobarcelona.gob.ve\/webalterna\/wp-json\/wp\/v2\/users\/3"}],"replies":[{"embeddable":true,"href":"https:\/\/consuladobarcelona.gob.ve\/webalterna\/wp-json\/wp\/v2\/comments?post=2480"}],"version-history":[{"count":1,"href":"https:\/\/consuladobarcelona.gob.ve\/webalterna\/wp-json\/wp\/v2\/posts\/2480\/revisions"}],"predecessor-version":[{"id":2482,"href":"https:\/\/consuladobarcelona.gob.ve\/webalterna\/wp-json\/wp\/v2\/posts\/2480\/revisions\/2482"}],"wp:featuredmedia":[{"embeddable":true,"href":"https:\/\/consuladobarcelona.gob.ve\/webalterna\/wp-json\/wp\/v2\/media\/2481"}],"wp:attachment":[{"href":"https:\/\/consuladobarcelona.gob.ve\/webalterna\/wp-json\/wp\/v2\/media?parent=2480"}],"wp:term":[{"taxonomy":"category","embeddable":true,"href":"https:\/\/consuladobarcelona.gob.ve\/webalterna\/wp-json\/wp\/v2\/categories?post=2480"},{"taxonomy":"post_tag","embeddable":true,"href":"https:\/\/consuladobarcelona.gob.ve\/webalterna\/wp-json\/wp\/v2\/tags?post=2480"}],"curies":[{"name":"wp","href":"https:\/\/api.w.org\/{rel}","templated":true}]}}