{"id":2477,"date":"2020-04-13T20:37:40","date_gmt":"2020-04-13T19:37:40","guid":{"rendered":"http:\/\/consuladobarcelona.gob.ve\/webalterna\/?p=2477"},"modified":"2020-04-13T20:37:40","modified_gmt":"2020-04-13T19:37:40","slug":"papa-francisco-rechaza-ilegales-medidas-coercitivas-unilaterales-en-medio-de-la-pandemia","status":"publish","type":"post","link":"https:\/\/consuladobarcelona.gob.ve\/webalterna\/papa-francisco-rechaza-ilegales-medidas-coercitivas-unilaterales-en-medio-de-la-pandemia\/","title":{"rendered":"Papa Francisco rechaza ilegales medidas coercitivas unilaterales en medio de la pandemia"},"content":{"rendered":"<p>En el contexto de la expansi\u00f3n global del Covid-19 y sus devastadoras consecuencias para la humanidad, el Papa Francisco se adhiri\u00f3 a los llamamientos de las Naciones Unidas y otros organismos multilaterales como el Movimiento de Pa\u00edses No Alineados (Mnoal), a los efectos de que sean suspendidas las medidas coercitivas unilaterales.<\/p>\n<p>Las denominadas \u201csanciones\u201d, advirti\u00f3 el Sumo Pont\u00edfice en su mensaje este domingo desde la Bas\u00edlica Vaticana, impiden ofrecer a los propios ciudadanos una ayuda acorde a las grandes necesidades del momento.<\/p>\n<p>\u201cProcuremos que no les falten los bienes de primera necesidad, m\u00e1s dif\u00edciles de conseguir ahora cuando muchos negocios est\u00e1n cerrados, como tampoco los medicamentos y sobre todo la posibilidad de una adecuada asistencia sanitaria. Considerando, las circunstancias se relajen adem\u00e1s las sanciones internacionales de los pa\u00edses afectados que les impiden ofrecer a los propios ciudadanos una ayuda adecuada y se afronten por parte de todos los pa\u00edses las grandes necesidades del momento, reduciendo o incluso condonando la deuda que pesa en los presupuestos de aquellos m\u00e1s pobres\u201d, inst\u00f3 el Papa.<\/p>\n<p>El principal foro de concertaci\u00f3n pol\u00edtica mundial, la Organizaci\u00f3n de las Naciones Unidas (ONU), ha condenado en sus distintos \u00f3rganos la aplicaci\u00f3n de este tipo de medidas. El secretario general del organismo, Ant\u00f3nio Guterres, y la alta comisionada de las Naciones Unidas para los Derechos Humanos, Michelle Bachelet, han llamado al levantamiento y reevaluaci\u00f3n de las denominadas sanciones.<\/p>\n<p>El pronunciamiento del Papa Francisco este domingo fue aludido por el ministro del Poder Popular para Relaciones Exteriores de la Rep\u00fablica Bolivariana de Venezuela, Jorge Arreaza.<\/p>\n<p>\u201cHasta el Santo Padre solicita que se relajen las sanciones internacionales de los pa\u00edses afectados, que les impiden ofrecer a los propios ciudadanos una ayuda adecuada, y se afronten\u2026las grandes necesidades del momento, reduciendo, o incluso condonando, la deuda\u201d, public\u00f3 el Canciller venezolano en su cuenta Twitter @jaarreaza.<\/p>\n<p>La Rep\u00fablica Bolivariana de Venezuela ha sido objeto de una serie de medidas coercitivas unilaterales dictadas principalmente por el gobierno de Estados Unidos, en clara violaci\u00f3n al derecho internacional que protege a los Estados de intervenciones extranjeras en asuntos internos.<\/p>\n","protected":false},"excerpt":{"rendered":"<p>En el contexto de la expansi\u00f3n global del Covid-19 y sus devastadoras consecuencias para la humanidad, el Papa Francisco se adhiri\u00f3 a los llamamientos de las Naciones Unidas y otros organismos multilaterales como el Movimiento de Pa\u00edses No Alineados (Mnoal), a los efectos de que sean suspendidas las medidas coercitivas unilaterales. Las denominadas \u201csanciones\u201d, advirti\u00f3\u2026 <span class=\"read-more\"><a href=\"https:\/\/consuladobarcelona.gob.ve\/webalterna\/papa-francisco-rechaza-ilegales-medidas-coercitivas-unilaterales-en-medio-de-la-pandemia\/\">Leer m\u00e1s &raquo;<\/a><\/span><\/p>\n","protected":false},"author":3,"featured_media":2478,"comment_status":"closed","ping_status":"closed","sticky":false,"template":"","format":"standard","meta":{"footnotes":""},"categories":[5],"tags":[],"class_list":["post-2477","post","type-post","status-publish","format-standard","has-post-thumbnail","hentry","category-noticias"],"_links":{"self":[{"href":"https:\/\/consuladobarcelona.gob.ve\/webalterna\/wp-json\/wp\/v2\/posts\/2477","targetHints":{"allow":["GET"]}}],"collection":[{"href":"https:\/\/consuladobarcelona.gob.ve\/webalterna\/wp-json\/wp\/v2\/posts"}],"about":[{"href":"https:\/\/consuladobarcelona.gob.ve\/webalterna\/wp-json\/wp\/v2\/types\/post"}],"author":[{"embeddable":true,"href":"https:\/\/consuladobarcelona.gob.ve\/webalterna\/wp-json\/wp\/v2\/users\/3"}],"replies":[{"embeddable":true,"href":"https:\/\/consuladobarcelona.gob.ve\/webalterna\/wp-json\/wp\/v2\/comments?post=2477"}],"version-history":[{"count":1,"href":"https:\/\/consuladobarcelona.gob.ve\/webalterna\/wp-json\/wp\/v2\/posts\/2477\/revisions"}],"predecessor-version":[{"id":2479,"href":"https:\/\/consuladobarcelona.gob.ve\/webalterna\/wp-json\/wp\/v2\/posts\/2477\/revisions\/2479"}],"wp:featuredmedia":[{"embeddable":true,"href":"https:\/\/consuladobarcelona.gob.ve\/webalterna\/wp-json\/wp\/v2\/media\/2478"}],"wp:attachment":[{"href":"https:\/\/consuladobarcelona.gob.ve\/webalterna\/wp-json\/wp\/v2\/media?parent=2477"}],"wp:term":[{"taxonomy":"category","embeddable":true,"href":"https:\/\/consuladobarcelona.gob.ve\/webalterna\/wp-json\/wp\/v2\/categories?post=2477"},{"taxonomy":"post_tag","embeddable":true,"href":"https:\/\/consuladobarcelona.gob.ve\/webalterna\/wp-json\/wp\/v2\/tags?post=2477"}],"curies":[{"name":"wp","href":"https:\/\/api.w.org\/{rel}","templated":true}]}}