{"id":2475,"date":"2020-04-11T09:51:25","date_gmt":"2020-04-11T08:51:25","guid":{"rendered":"http:\/\/consuladobarcelona.gob.ve\/webalterna\/?p=2475"},"modified":"2020-04-11T09:51:25","modified_gmt":"2020-04-11T08:51:25","slug":"coronavirus-cuatro-nuevos-casos-en-venezuela-tasa-de-recuperados-se-ubica-en-48","status":"publish","type":"post","link":"https:\/\/consuladobarcelona.gob.ve\/webalterna\/coronavirus-cuatro-nuevos-casos-en-venezuela-tasa-de-recuperados-se-ubica-en-48\/","title":{"rendered":"CORONAVIRUS &#8211; Cuatro nuevos casos en Venezuela. Tasa de recuperados se ubica en 48%"},"content":{"rendered":"<p><strong>Cuatro nuevos casos de Covid-19 se registraron en las \u00faltimas 24 horas en Venezuela<\/strong>\u00a0para elevar la cifra de contagios a\u00a0<strong>175<\/strong>, mientras que el la tasa de recuperados se elev\u00f3 a 48 por ciento, al sumar 84 recuperaciones.<\/p>\n<p>La informaci\u00f3n fue dada a conocer por la vicepresidenta ejecutiva de la Rep\u00fablica,\u00a0<strong>Delcy Rodr\u00edguez<\/strong>, desde el Puesto de Comando Presidencial del Palacio de Miraflores en Caracas, al t\u00e9rmino de la acostumbrada reuni\u00f3n de la Comisi\u00f3n Presidencial para el Control y la Prevenci\u00f3n del coronavirus.<\/p>\n<p><span class=\"css-901oao css-16my406 r-1qd0xha r-ad9z0x r-bcqeeo r-qvutc0\">De los cuatro nuevos casos positivos: 1 es residente del estado\u00a0<\/span><span class=\"r-18u37iz\">T\u00e1chira<\/span><span class=\"css-901oao css-16my406 r-1qd0xha r-ad9z0x r-bcqeeo r-qvutc0\">, 2 del estado\u00a0<\/span><span class=\"r-18u37iz\">Aragua<\/span><span class=\"css-901oao css-16my406 r-1qd0xha r-ad9z0x r-bcqeeo r-qvutc0\">, 1 del Distrito Capital.<\/span><\/p>\n<p>A\u00f1adi\u00f3 que el total de pacientes positivos a la fecha:\u00a0<strong>27 se encuentran reciben tratamiento grauito en hospitales, 27 de ellos en Centros de Diagn\u00f3stico Integral (CDI) de Barrio Adentro, 12 en cl\u00ednicas privadas, 10 personas se mantienen en aislamiento domiciliario y el Gobierno hace esfuerzos para que permitan su traslados a centros de salud, mientras que seis est\u00e1n aislados en hoteles y la cifra de fallecidos se mantiene en 9 lamentables p\u00e9rdidas<\/strong>.<\/p>\n<p>Rodr\u00edguez precis\u00f3 que hasta este viernes\u00a0<strong>Venezuela ha practicado 159.597 pruebas, lo que equivale a 5.320 pruebas por mill\u00f3n de habitantes para el diagn\u00f3stico del Covid-19<\/strong>.<\/p>\n<p>Al referirse al\u00a0<strong>cuestionario de salud del Sistema Patria<\/strong>, aludi\u00f3 que este viernes la\u00a0<strong>cifra de respuestas se elev\u00f3 a 18 millones de personas<\/strong>, de las un total de 130.991 personas que manifestaron alg\u00fan s\u00edntoma fueron visitados casa por casa como parte del pesquisaje masivo y personalizado que se suma a la cuarentena para mantener la curva de contagios aplanada en el pa\u00eds.<\/p>\n<p>Puntualiz\u00f3 que Plan Especial para los venezolanos que regresan al pa\u00eds tras sufrir xenofobia y malos tratos en otras naciones, se han atendido a m\u00e1s de\u00a0<strong>5 mil personas en puntos desplegados en zonas fronterizas<\/strong>.<\/p>\n<p>&nbsp;<\/p>\n<p><strong>Solidaridad y amor frente al Covid-19<\/strong><\/p>\n<p>La vicepresidenta Ejecutiva inform\u00f3 que como parte de la solidaridad que caracteriza a la Revoluci\u00f3n Bolivariana,<strong>\u00a0Venezuela don\u00f3 pruebas r\u00e1pidas y PCR a San Vicente y Las Granadinas<\/strong>,\u00a0<strong>Antigua &amp; Barbuda, as\u00ed como Dominica y en Grenada<\/strong>, para contribuir en la lucha contra esta pandemia junto a los hermanos del Caribe. Asimismo, dio a conocer que este s\u00e1bado arribar\u00e1 al pa\u00eds el tercer cargamento con ayuda humanitaria proveniente de la Rep\u00fablica Popular China, por lo que agredeci\u00f3 la solidaridad de esta naci\u00f3n asi\u00e1tica.<\/p>\n","protected":false},"excerpt":{"rendered":"<p>Cuatro nuevos casos de Covid-19 se registraron en las \u00faltimas 24 horas en Venezuela\u00a0para elevar la cifra de contagios a\u00a0175, mientras que el la tasa de recuperados se elev\u00f3 a 48 por ciento, al sumar 84 recuperaciones. La informaci\u00f3n fue dada a conocer por la vicepresidenta ejecutiva de la Rep\u00fablica,\u00a0Delcy Rodr\u00edguez, desde el Puesto de\u2026 <span class=\"read-more\"><a href=\"https:\/\/consuladobarcelona.gob.ve\/webalterna\/coronavirus-cuatro-nuevos-casos-en-venezuela-tasa-de-recuperados-se-ubica-en-48\/\">Leer m\u00e1s &raquo;<\/a><\/span><\/p>\n","protected":false},"author":3,"featured_media":2418,"comment_status":"closed","ping_status":"closed","sticky":false,"template":"","format":"standard","meta":{"footnotes":""},"categories":[5],"tags":[],"class_list":["post-2475","post","type-post","status-publish","format-standard","has-post-thumbnail","hentry","category-noticias"],"_links":{"self":[{"href":"https:\/\/consuladobarcelona.gob.ve\/webalterna\/wp-json\/wp\/v2\/posts\/2475","targetHints":{"allow":["GET"]}}],"collection":[{"href":"https:\/\/consuladobarcelona.gob.ve\/webalterna\/wp-json\/wp\/v2\/posts"}],"about":[{"href":"https:\/\/consuladobarcelona.gob.ve\/webalterna\/wp-json\/wp\/v2\/types\/post"}],"author":[{"embeddable":true,"href":"https:\/\/consuladobarcelona.gob.ve\/webalterna\/wp-json\/wp\/v2\/users\/3"}],"replies":[{"embeddable":true,"href":"https:\/\/consuladobarcelona.gob.ve\/webalterna\/wp-json\/wp\/v2\/comments?post=2475"}],"version-history":[{"count":1,"href":"https:\/\/consuladobarcelona.gob.ve\/webalterna\/wp-json\/wp\/v2\/posts\/2475\/revisions"}],"predecessor-version":[{"id":2476,"href":"https:\/\/consuladobarcelona.gob.ve\/webalterna\/wp-json\/wp\/v2\/posts\/2475\/revisions\/2476"}],"wp:featuredmedia":[{"embeddable":true,"href":"https:\/\/consuladobarcelona.gob.ve\/webalterna\/wp-json\/wp\/v2\/media\/2418"}],"wp:attachment":[{"href":"https:\/\/consuladobarcelona.gob.ve\/webalterna\/wp-json\/wp\/v2\/media?parent=2475"}],"wp:term":[{"taxonomy":"category","embeddable":true,"href":"https:\/\/consuladobarcelona.gob.ve\/webalterna\/wp-json\/wp\/v2\/categories?post=2475"},{"taxonomy":"post_tag","embeddable":true,"href":"https:\/\/consuladobarcelona.gob.ve\/webalterna\/wp-json\/wp\/v2\/tags?post=2475"}],"curies":[{"name":"wp","href":"https:\/\/api.w.org\/{rel}","templated":true}]}}