{"id":2468,"date":"2020-04-11T09:10:43","date_gmt":"2020-04-11T08:10:43","guid":{"rendered":"http:\/\/consuladobarcelona.gob.ve\/webalterna\/?p=2468"},"modified":"2020-04-11T09:23:10","modified_gmt":"2020-04-11T08:23:10","slug":"coronavirus-venezolano-regresan-a-su-patria-desde-colombia-y-mexico","status":"publish","type":"post","link":"https:\/\/consuladobarcelona.gob.ve\/webalterna\/coronavirus-venezolano-regresan-a-su-patria-desde-colombia-y-mexico\/","title":{"rendered":"CORONAVIRUS &#8211; Venezolanos regresan a su patria desde Colombia y M\u00e9xico"},"content":{"rendered":"<div class=\"mippci-mobile-nav mippci-slide hidden-lg hidden-md\">\n<p>La vicepresidenta ejecutiva, Delcy Rodr\u00edguez, inform\u00f3 que, \u00aben el Plan Especial para los hermanos que est\u00e1n regresando de Colombia por el estado T\u00e1chira\u00bb, Venezuela ya recibi\u00f3 \u00abaproximadamente<strong> 5.000 personas<\/strong> que est\u00e1n siendo atendidas por nuestras autoridades de salud, de seguridad, en el marco de la cuarentena obligatoria\u00bb.<\/p>\n<p>Desde el puesto de la Comisi\u00f3n Presidencial en el Palacio de Gobierno, ubicado en Caracas, Rodriguez dijo que Venezuela recibe a los connacionales que <strong>huyen por la xenofobia y las medidas neoliberales y la crisis de salud<\/strong> que afecta al vecino pa\u00eds neogranadino, agravado por la carencia de medidas oportunas para hacer frente al Covid-19. Asimismo, destac\u00f3 que estos venezolanos est\u00e1n siendo atendidos por las autoridades de salud para la realizaci\u00f3n de <strong>pruebas para la detecci\u00f3n de casos del Coronavirus<\/strong> y por las autoridades de seguridad para detectar cualquier personas con antecedentes delictivos.<\/p>\n<\/div>\n<div id=\"content\" class=\"mippci-site-content mippci-slide\">\n<div class=\"mippci-section container mippci-no-sid\">\n<article id=\"post-401113\" class=\"mippci-single post-401113 post type-post status-publish format-standard has-post-thumbnail hentry category-destacada category-presidencial tag-destacado\">\n<div class=\"row\">\n<div class=\"col-lg-9 col-md-9 col-mod-single\">\n<div class=\"row\">\n<div class=\"col-lg-10 col-md-10 col-sm-10\">\n<div class=\"entry-content mippci-entry-content\">\n<p>Por otro lado, este viernes, un total de <strong>133 connacionales arribaron a Venezuela provenientes de Toluca, M\u00e9xico<\/strong>, como parte de un vuelo humanitario habilitado por la aerol\u00ednea estatal Conviasa, y canalizado entre el Gobierno Nacional y autoridades mexicanas para responder a la demanda de una importante cantidad de pasajeros que solicitaban retornar a su pa\u00eds de origen, en medio de la pandemia mundial por el Covid-19.<\/p>\n<p>En el vuelo retornaron un grupo de venezolanos pertenecientes al equipo de Rieleros de Aguascalientes \u2013equipo profesional de la <strong>Liga Mexicana de B\u00e9isbol<\/strong>-, as\u00ed como un basquetbolista y dos atletas de la selecci\u00f3n nacional.<\/p>\n<p>La aeronave de la l\u00ednea a\u00e9rea estatal con destino al pa\u00eds azteca, sali\u00f3 este jueves como parte un vuelo especial facilitado por Conviasa desde el Aeropuerto Internacional de Maiquet\u00eda, con 154 ciudadanos estadounidenses y de otras nacionales que se encontraban en situaci\u00f3n de apremio en suelo venezolano.<\/p>\n<p>Cabe destacar que el presidente <strong>Nicol\u00e1s Maduro ratific\u00f3 recientemente su disposici\u00f3n de repatriar a los venezolanos en situaci\u00f3n de apremio en Estados Unidos<\/strong>, por lo que inst\u00f3 al encargado de negocios para la Oficina Externa de Estados Unidos, James Story, a procesar una licencia humanitaria que permita la entrada de los aviones venezolanos a territorio estadounidense.<\/p>\n<\/div>\n<\/div>\n<\/div>\n<\/div>\n<\/div>\n<\/article>\n<\/div>\n<\/div>\n","protected":false},"excerpt":{"rendered":"<p>La vicepresidenta ejecutiva, Delcy Rodr\u00edguez, inform\u00f3 que, \u00aben el Plan Especial para los hermanos que est\u00e1n regresando de Colombia por el estado T\u00e1chira\u00bb, Venezuela ya recibi\u00f3 \u00abaproximadamente 5.000 personas que est\u00e1n siendo atendidas por nuestras autoridades de salud, de seguridad, en el marco de la cuarentena obligatoria\u00bb. Desde el puesto de la Comisi\u00f3n Presidencial en\u2026 <span class=\"read-more\"><a href=\"https:\/\/consuladobarcelona.gob.ve\/webalterna\/coronavirus-venezolano-regresan-a-su-patria-desde-colombia-y-mexico\/\">Leer m\u00e1s &raquo;<\/a><\/span><\/p>\n","protected":false},"author":3,"featured_media":2469,"comment_status":"closed","ping_status":"closed","sticky":false,"template":"","format":"standard","meta":{"footnotes":""},"categories":[5],"tags":[],"class_list":["post-2468","post","type-post","status-publish","format-standard","has-post-thumbnail","hentry","category-noticias"],"_links":{"self":[{"href":"https:\/\/consuladobarcelona.gob.ve\/webalterna\/wp-json\/wp\/v2\/posts\/2468","targetHints":{"allow":["GET"]}}],"collection":[{"href":"https:\/\/consuladobarcelona.gob.ve\/webalterna\/wp-json\/wp\/v2\/posts"}],"about":[{"href":"https:\/\/consuladobarcelona.gob.ve\/webalterna\/wp-json\/wp\/v2\/types\/post"}],"author":[{"embeddable":true,"href":"https:\/\/consuladobarcelona.gob.ve\/webalterna\/wp-json\/wp\/v2\/users\/3"}],"replies":[{"embeddable":true,"href":"https:\/\/consuladobarcelona.gob.ve\/webalterna\/wp-json\/wp\/v2\/comments?post=2468"}],"version-history":[{"count":2,"href":"https:\/\/consuladobarcelona.gob.ve\/webalterna\/wp-json\/wp\/v2\/posts\/2468\/revisions"}],"predecessor-version":[{"id":2474,"href":"https:\/\/consuladobarcelona.gob.ve\/webalterna\/wp-json\/wp\/v2\/posts\/2468\/revisions\/2474"}],"wp:featuredmedia":[{"embeddable":true,"href":"https:\/\/consuladobarcelona.gob.ve\/webalterna\/wp-json\/wp\/v2\/media\/2469"}],"wp:attachment":[{"href":"https:\/\/consuladobarcelona.gob.ve\/webalterna\/wp-json\/wp\/v2\/media?parent=2468"}],"wp:term":[{"taxonomy":"category","embeddable":true,"href":"https:\/\/consuladobarcelona.gob.ve\/webalterna\/wp-json\/wp\/v2\/categories?post=2468"},{"taxonomy":"post_tag","embeddable":true,"href":"https:\/\/consuladobarcelona.gob.ve\/webalterna\/wp-json\/wp\/v2\/tags?post=2468"}],"curies":[{"name":"wp","href":"https:\/\/api.w.org\/{rel}","templated":true}]}}