{"id":2465,"date":"2020-04-10T11:48:49","date_gmt":"2020-04-10T10:48:49","guid":{"rendered":"http:\/\/consuladobarcelona.gob.ve\/webalterna\/?p=2465"},"modified":"2020-04-10T11:48:49","modified_gmt":"2020-04-10T10:48:49","slug":"coronavirus-ascienden-a-171-los-contagios-por-covid-19-en-venezuela-nueve-los-fallecidos","status":"publish","type":"post","link":"https:\/\/consuladobarcelona.gob.ve\/webalterna\/coronavirus-ascienden-a-171-los-contagios-por-covid-19-en-venezuela-nueve-los-fallecidos\/","title":{"rendered":"CORONAVIRUS &#8211; Ascienden a 171 los contagios por Covid-19 en Venezuela. Nueve los fallecidos."},"content":{"rendered":"<p>El\u00a0vicepresidente\u00a0sectorial de Comunicaci\u00f3n, Turismo y Cultura de Venezuela,\u00a0Jorge Rodr\u00edguez inform\u00f3 este jueves que durante las \u00faltimas 24 horas se han registrado cuatro nuevos casos de coronavirus en el pa\u00eds, lo que eleva la cifra total de contagios a 171. Adem\u00e1s, nueve personas han fallecido. Las dos nuevas v\u00edctimas fatales son dos hombres: uno de 58 a\u00f1os, con antecedentes de viaje a Espa\u00f1a, que falleci\u00f3 en una cl\u00ednica privada, y otro de 63 a\u00f1os, que hab\u00eda estado recientemente en EE.UU., Panam\u00e1 y Colombia.<\/p>\n<p>Del total de los diagnosticados, 84 est\u00e1n totalmente recuperados, 26 permanecen en hospitales, 25 en Centros de Diagnostico Integral (CDI), 12 en cl\u00ednicas privadas, nueve en aislamiento domiciliario y seis en hoteles: un confinamiento orientado a reducir los contagios intrafamiliares y comunitarios.<\/p>\n<p>Mietras, la delegaci\u00f3n de expertos enviados por la Rep\u00fablica Popular China mantiene su din\u00e1mica de visitas a los centros de salud para evaluar a profundidad todos los procedimientos y par\u00e1metros que se desarrollan en el pa\u00eds, para vencer al virus.<\/p>\n<p>Venezuela cumple 25 d\u00edas en cuarentena a nivel nacional.<\/p>\n<p>&nbsp;<\/p>\n<p>&nbsp;<\/p>\n<div class=\"EmbedBlock-root EmbedBlock-twitter\">\n<div class=\"TwitterEmbed\">\n<div class=\"SandboxRoot env-bp-350\" data-twitter-event-id=\"0\">\n<div id=\"twitter-widget-0\" class=\"EmbeddedTweet EmbeddedTweet--cta js-clickToOpenTarget\" lang=\"es\" data-click-to-open-target=\"https:\/\/twitter.com\/Mippcivzla\/status\/1248012783452442624\" data-iframe-title=\"Tweet de Twitter\" data-scribe=\"page:tweet\" data-twitter-event-id=\"1\">\n<div class=\"EmbeddedTweet-tweetContainer\">\n<div class=\"EmbeddedTweet-tweet\">\n<blockquote class=\"Tweet h-entry js-tweetIdInfo subject expanded\" cite=\"https:\/\/twitter.com\/Mippcivzla\/status\/1248012783452442624\" data-tweet-id=\"1248012783452442624\" data-scribe=\"section:subject\">\n<div class=\"Tweet-header\"><\/div>\n<\/blockquote>\n<\/div>\n<\/div>\n<\/div>\n<\/div>\n<\/div>\n<\/div>\n","protected":false},"excerpt":{"rendered":"<p>El\u00a0vicepresidente\u00a0sectorial de Comunicaci\u00f3n, Turismo y Cultura de Venezuela,\u00a0Jorge Rodr\u00edguez inform\u00f3 este jueves que durante las \u00faltimas 24 horas se han registrado cuatro nuevos casos de coronavirus en el pa\u00eds, lo que eleva la cifra total de contagios a 171. Adem\u00e1s, nueve personas han fallecido. Las dos nuevas v\u00edctimas fatales son dos hombres: uno de 58\u2026 <span class=\"read-more\"><a href=\"https:\/\/consuladobarcelona.gob.ve\/webalterna\/coronavirus-ascienden-a-171-los-contagios-por-covid-19-en-venezuela-nueve-los-fallecidos\/\">Leer m\u00e1s &raquo;<\/a><\/span><\/p>\n","protected":false},"author":3,"featured_media":2466,"comment_status":"closed","ping_status":"closed","sticky":false,"template":"","format":"standard","meta":{"footnotes":""},"categories":[5],"tags":[],"class_list":["post-2465","post","type-post","status-publish","format-standard","has-post-thumbnail","hentry","category-noticias"],"_links":{"self":[{"href":"https:\/\/consuladobarcelona.gob.ve\/webalterna\/wp-json\/wp\/v2\/posts\/2465","targetHints":{"allow":["GET"]}}],"collection":[{"href":"https:\/\/consuladobarcelona.gob.ve\/webalterna\/wp-json\/wp\/v2\/posts"}],"about":[{"href":"https:\/\/consuladobarcelona.gob.ve\/webalterna\/wp-json\/wp\/v2\/types\/post"}],"author":[{"embeddable":true,"href":"https:\/\/consuladobarcelona.gob.ve\/webalterna\/wp-json\/wp\/v2\/users\/3"}],"replies":[{"embeddable":true,"href":"https:\/\/consuladobarcelona.gob.ve\/webalterna\/wp-json\/wp\/v2\/comments?post=2465"}],"version-history":[{"count":1,"href":"https:\/\/consuladobarcelona.gob.ve\/webalterna\/wp-json\/wp\/v2\/posts\/2465\/revisions"}],"predecessor-version":[{"id":2467,"href":"https:\/\/consuladobarcelona.gob.ve\/webalterna\/wp-json\/wp\/v2\/posts\/2465\/revisions\/2467"}],"wp:featuredmedia":[{"embeddable":true,"href":"https:\/\/consuladobarcelona.gob.ve\/webalterna\/wp-json\/wp\/v2\/media\/2466"}],"wp:attachment":[{"href":"https:\/\/consuladobarcelona.gob.ve\/webalterna\/wp-json\/wp\/v2\/media?parent=2465"}],"wp:term":[{"taxonomy":"category","embeddable":true,"href":"https:\/\/consuladobarcelona.gob.ve\/webalterna\/wp-json\/wp\/v2\/categories?post=2465"},{"taxonomy":"post_tag","embeddable":true,"href":"https:\/\/consuladobarcelona.gob.ve\/webalterna\/wp-json\/wp\/v2\/tags?post=2465"}],"curies":[{"name":"wp","href":"https:\/\/api.w.org\/{rel}","templated":true}]}}