{"id":2462,"date":"2020-04-09T15:27:26","date_gmt":"2020-04-09T14:27:26","guid":{"rendered":"http:\/\/consuladobarcelona.gob.ve\/webalterna\/?p=2462"},"modified":"2020-04-09T15:51:20","modified_gmt":"2020-04-09T14:51:20","slug":"presidente-maduro-rechaza-arremetida-imperial-contra-la-oms","status":"publish","type":"post","link":"https:\/\/consuladobarcelona.gob.ve\/webalterna\/presidente-maduro-rechaza-arremetida-imperial-contra-la-oms\/","title":{"rendered":"Presidente Maduro rechaza arremetida imperial contra la OMS"},"content":{"rendered":"<p>El jefe de Estado y de Gobierno, Nicol\u00e1s Maduro Moros, denunci\u00f3 la nueva arremetida de la administraci\u00f3n de Donald Trump, contra la Organizaci\u00f3n Mundial para la Salud (OMS), en su intenci\u00f3n de suspender la contribuci\u00f3n financiera de su gobierno al organismo.<\/p>\n<p>\u201cEn la desesperaci\u00f3n del<strong> fracaso de Donald Trump frente al Coronavirus<\/strong> (COVID-19) no le ha quedado otra cosa que atacar a China, y a la Organizaci\u00f3n Mundial para la Salud (\u2026) Venezuela rechaza los ataques y pide el apoyo al mundo a su director general Tedros Adhanom\u201d .<\/p>\n<p>El Dignatario conden\u00f3 la acci\u00f3n del gobierno norteamericano se\u00f1alando que Donald Trump \u201ces un chantajista profesional y extorsiona con el dinero que Estados Unidos tiene la obligaci\u00f3n de donar a la Organizaci\u00f3n Mundial de la Salud, en el momento que la organizaci\u00f3n necesita m\u00e1s apoyo y dinero para enfrentar la pandemia\u201d, acot\u00f3. Asimismo, elev\u00f3 su agradecimiento al director general de la OMS por todo el apoyo y la asistencia que le ha brindado a Venezuela en medio de la pandemia.<\/p>\n<p>Por su parte, la Vicepresidenta Ejecutiva destac\u00f3 que Venezuela coincide con la OMS, en cuanto a \u201cdarle una cuarentena a la pol\u00edtica, no podemos politizar el combate contra esta pandemia, todos los gobiernos del mundo, de todos los pa\u00edses debemos unirnos, en mecanismos de cooperaci\u00f3n sanitaria, epidemiol\u00f3gica para enfrentar esta terrible pandemia del siglo XXI\u201d. \u201cLa Rep\u00fablica Bolivariana de Venezuela, el Estado venezolano se suma a las voces de solidaridad que est\u00e1n surgiendo en el mundo en apoyo a la OMS\u201d, resalt\u00f3.<\/p>\n<p>El pasado martes de 7 abril el presidente de EEUU, Donald Trump, amenaz\u00f3 a la OMS con retirar los fondos que el Estado norteamericano proporciona al organismo por considerar tener una actitud sesgada hacia la Rep\u00fablica Popular China.<\/p>\n<p>&nbsp;<\/p>\n<p><strong>Aqu\u00ed el comunicado:<\/strong><\/p>\n<p><em>El Gobierno de la Rep\u00fablica Bolivariana de Venezuela ofrece su firme respaldo a la Organizaci\u00f3n Mundial de la Salud y a su Director General, Dr. Tedros Adhanom Ghebreyesus, ante las graves e irresponsables acusaciones emitidas por el Presidente de los Estados Unidos, Donald Trump.<\/em><\/p>\n<p><em>Las declaraciones y acciones irresponsables del Presidente Trump, as\u00ed como la campa\u00f1a que se desarrolla en contra de la labor del Dr. Tedros Adhanom, adem\u00e1s de estar permeadas de racismo, no tenemos duda que son un nuevo intento por evadir su propia responsabilidad como Jefe de Estado por haber minimizado el impacto de la pandemia del Covid-19 en su pa\u00eds, que ahora sufre las consecuencias catastr\u00f3ficas de su desfachatez, siendo hoy los Estados Unidos, el pa\u00eds con el mayor n\u00famero de casos de Covid-19 y un lamentable y alto n\u00famero de fallecidos.<\/em><\/p>\n<p><em>Reconocemos la labor de la OMS y del Dr. Tedros Adhanom Ghebreyesus, quienes desde el principio alertaron al mundo y a los l\u00edderes mundiales a tomar las medidas m\u00e1s rigurosas para frenar la propagaci\u00f3n de la pandemia del Covid-19, medidas que el Presidente Nicol\u00e1s Maduro adopt\u00f3 inmediatamente, colocando toda la fuerza del Gobierno Bolivariano para la implementaci\u00f3n de las medidas necesarias, lo cual ha sido en buena parte logrado, gracias a la conciencia asumida por el pueblo venezolano y al apoyo sostenido de organismos como la OMS.<\/em><\/p>\n<p><em>Adem\u00e1s, compartimos la visi\u00f3n de que la salud es un derecho social, de acceso universal y equitativo, que no puede ser ni privatizada ni mercantilizada. Es esta visi\u00f3n la que nos permitir\u00e1 sortear con \u00e9xito cualquier situaci\u00f3n sanitaria adversa, en beneficio de la vida y la salud de nuestros pueblos.<\/em><\/p>\n<p style=\"text-align: right;\"><em>Caracas, 08 de abril de 2020<\/em><\/p>\n","protected":false},"excerpt":{"rendered":"<p>El jefe de Estado y de Gobierno, Nicol\u00e1s Maduro Moros, denunci\u00f3 la nueva arremetida de la administraci\u00f3n de Donald Trump, contra la Organizaci\u00f3n Mundial para la Salud (OMS), en su intenci\u00f3n de suspender la contribuci\u00f3n financiera de su gobierno al organismo. \u201cEn la desesperaci\u00f3n del fracaso de Donald Trump frente al Coronavirus (COVID-19) no le\u2026 <span class=\"read-more\"><a href=\"https:\/\/consuladobarcelona.gob.ve\/webalterna\/presidente-maduro-rechaza-arremetida-imperial-contra-la-oms\/\">Leer m\u00e1s &raquo;<\/a><\/span><\/p>\n","protected":false},"author":3,"featured_media":2463,"comment_status":"closed","ping_status":"closed","sticky":false,"template":"","format":"standard","meta":{"footnotes":""},"categories":[5],"tags":[],"class_list":["post-2462","post","type-post","status-publish","format-standard","has-post-thumbnail","hentry","category-noticias"],"_links":{"self":[{"href":"https:\/\/consuladobarcelona.gob.ve\/webalterna\/wp-json\/wp\/v2\/posts\/2462","targetHints":{"allow":["GET"]}}],"collection":[{"href":"https:\/\/consuladobarcelona.gob.ve\/webalterna\/wp-json\/wp\/v2\/posts"}],"about":[{"href":"https:\/\/consuladobarcelona.gob.ve\/webalterna\/wp-json\/wp\/v2\/types\/post"}],"author":[{"embeddable":true,"href":"https:\/\/consuladobarcelona.gob.ve\/webalterna\/wp-json\/wp\/v2\/users\/3"}],"replies":[{"embeddable":true,"href":"https:\/\/consuladobarcelona.gob.ve\/webalterna\/wp-json\/wp\/v2\/comments?post=2462"}],"version-history":[{"count":1,"href":"https:\/\/consuladobarcelona.gob.ve\/webalterna\/wp-json\/wp\/v2\/posts\/2462\/revisions"}],"predecessor-version":[{"id":2464,"href":"https:\/\/consuladobarcelona.gob.ve\/webalterna\/wp-json\/wp\/v2\/posts\/2462\/revisions\/2464"}],"wp:featuredmedia":[{"embeddable":true,"href":"https:\/\/consuladobarcelona.gob.ve\/webalterna\/wp-json\/wp\/v2\/media\/2463"}],"wp:attachment":[{"href":"https:\/\/consuladobarcelona.gob.ve\/webalterna\/wp-json\/wp\/v2\/media?parent=2462"}],"wp:term":[{"taxonomy":"category","embeddable":true,"href":"https:\/\/consuladobarcelona.gob.ve\/webalterna\/wp-json\/wp\/v2\/categories?post=2462"},{"taxonomy":"post_tag","embeddable":true,"href":"https:\/\/consuladobarcelona.gob.ve\/webalterna\/wp-json\/wp\/v2\/tags?post=2462"}],"curies":[{"name":"wp","href":"https:\/\/api.w.org\/{rel}","templated":true}]}}