{"id":2458,"date":"2020-04-08T18:20:54","date_gmt":"2020-04-08T17:20:54","guid":{"rendered":"http:\/\/consuladobarcelona.gob.ve\/webalterna\/?p=2458"},"modified":"2020-04-08T18:20:54","modified_gmt":"2020-04-08T17:20:54","slug":"coronavirus-medidas-tomadas-por-el-ejecutivo-para-fortalecer-control-del-covid-19","status":"publish","type":"post","link":"https:\/\/consuladobarcelona.gob.ve\/webalterna\/coronavirus-medidas-tomadas-por-el-ejecutivo-para-fortalecer-control-del-covid-19\/","title":{"rendered":"CORONAVIRUS: Medidas tomadas por el Ejecutivo para fortalecer control del Covid-19"},"content":{"rendered":"<p>El presidente de la Rep\u00fablica Bolivariana de Venezuela, Nicol\u00e1s Maduro Moros, anunci\u00f3 este martes un conjunto de medidas que buscan fortalecer el control del Coronavirus (Covid-19) en el pa\u00eds. Actualmente, el saldo es de 166 personas infectadas y 7 fallecidos.<span id=\"more-86986\"><\/span><\/p>\n<p>Las medidas abarcan: la ampliaci\u00f3n del sistema de hospitalizaci\u00f3n, la aprobaci\u00f3n de recursos para la alimentaci\u00f3n, la disposici\u00f3n de programas educativos a distancia, entre otras, que se detallan a continuaci\u00f3n:<\/p>\n<ul>\n<li>Se ordena la hospitalizaci\u00f3n y aislamiento inmediato en centros de salud de todos los casos detectados como positivos en Covid-19; esto para evitar el contagio intradomiciliario.<\/li>\n<li>Despliegue en la zona fronteriza de controles sanitarios estrictos, para evitar que se d\u00e9 un rebrote de Covid-19 en Venezuela.<\/li>\n<li>Garantizar alimentaci\u00f3n, atenci\u00f3n m\u00e9dica y alojamiento gratuito durante el periodo de cuarentena para todos los venezolanos y venezolanas que arriban al pa\u00eds, producto de la xenofobia y discriminaci\u00f3n de la que han sido v\u00edctimas en pa\u00edses vecinos.<\/li>\n<li>Continuar el trabajo conjunto con cient\u00edficos de Alemania y organizaciones mundiales como la Organizaci\u00f3n Mundial de la Salud (OMS), la Organizaci\u00f3n Panamericana de la Salud (OPS) y la Organizaci\u00f3n para las Naciones Unidas (ONU); para atender el brote del Covid-19 y salvar vidas, hasta que se desarrolle la vacuna contra la enfermedad.<\/li>\n<li>Incorporar\u00a0 al Instituto Nacional de Higiene de Venezuela las m\u00e1quinas modernas y de avanzada para la detecci\u00f3n del Covid-19, que ser\u00edan donadas a Colombia, y que fueron rechazadas por el\u00a0presidente de esa naci\u00f3n, Iv\u00e1n Duque, en detrimento del pueblo neogranadino.<\/li>\n<li>Realizar una consulta nacional para evaluar las distintas modalidades aplicables para concluir el a\u00f1o escolar, fortaleciendo el programa Cada Familia Una Escuela.<\/li>\n<li>Ampliar el espacio en radio y televisi\u00f3n, donde en horario de la ma\u00f1ana ser\u00e1 dedicado para educaci\u00f3n inicial y primaria; en la tarde para educaci\u00f3n media y media t\u00e9cnica.<\/li>\n<li>Se aprueba el esquema de distribuci\u00f3n de los Comit\u00e9s Locales de Abastecimiento y Producci\u00f3n (CLAP) Casa por Casa, complementado con los puntos de abastecimiento comunal y el plan Yo Compro en Casa.<\/li>\n<li>Como parte del Plan Especial para la Distribuci\u00f3n de Alimentos de Prote\u00edna Animal, Hortalizas y Rubros Secos, bajo la Modalidad de Casa Por Casa, Punto de Abastecimiento Comunal y Yo Compro En Casa, el Ejecutivo Nacional destin\u00f3 recursos por el orden de 13 millones de euros, al igual que para el Programa de Alimentaci\u00f3n Escolar, al que orient\u00f3 22 millones 457 mil euros.<\/li>\n<\/ul>\n","protected":false},"excerpt":{"rendered":"<p>El presidente de la Rep\u00fablica Bolivariana de Venezuela, Nicol\u00e1s Maduro Moros, anunci\u00f3 este martes un conjunto de medidas que buscan fortalecer el control del Coronavirus (Covid-19) en el pa\u00eds. Actualmente, el saldo es de 166 personas infectadas y 7 fallecidos. Las medidas abarcan: la ampliaci\u00f3n del sistema de hospitalizaci\u00f3n, la aprobaci\u00f3n de recursos para la\u2026 <span class=\"read-more\"><a href=\"https:\/\/consuladobarcelona.gob.ve\/webalterna\/coronavirus-medidas-tomadas-por-el-ejecutivo-para-fortalecer-control-del-covid-19\/\">Leer m\u00e1s &raquo;<\/a><\/span><\/p>\n","protected":false},"author":3,"featured_media":2459,"comment_status":"closed","ping_status":"closed","sticky":false,"template":"","format":"standard","meta":{"footnotes":""},"categories":[5],"tags":[],"class_list":["post-2458","post","type-post","status-publish","format-standard","has-post-thumbnail","hentry","category-noticias"],"_links":{"self":[{"href":"https:\/\/consuladobarcelona.gob.ve\/webalterna\/wp-json\/wp\/v2\/posts\/2458","targetHints":{"allow":["GET"]}}],"collection":[{"href":"https:\/\/consuladobarcelona.gob.ve\/webalterna\/wp-json\/wp\/v2\/posts"}],"about":[{"href":"https:\/\/consuladobarcelona.gob.ve\/webalterna\/wp-json\/wp\/v2\/types\/post"}],"author":[{"embeddable":true,"href":"https:\/\/consuladobarcelona.gob.ve\/webalterna\/wp-json\/wp\/v2\/users\/3"}],"replies":[{"embeddable":true,"href":"https:\/\/consuladobarcelona.gob.ve\/webalterna\/wp-json\/wp\/v2\/comments?post=2458"}],"version-history":[{"count":1,"href":"https:\/\/consuladobarcelona.gob.ve\/webalterna\/wp-json\/wp\/v2\/posts\/2458\/revisions"}],"predecessor-version":[{"id":2460,"href":"https:\/\/consuladobarcelona.gob.ve\/webalterna\/wp-json\/wp\/v2\/posts\/2458\/revisions\/2460"}],"wp:featuredmedia":[{"embeddable":true,"href":"https:\/\/consuladobarcelona.gob.ve\/webalterna\/wp-json\/wp\/v2\/media\/2459"}],"wp:attachment":[{"href":"https:\/\/consuladobarcelona.gob.ve\/webalterna\/wp-json\/wp\/v2\/media?parent=2458"}],"wp:term":[{"taxonomy":"category","embeddable":true,"href":"https:\/\/consuladobarcelona.gob.ve\/webalterna\/wp-json\/wp\/v2\/categories?post=2458"},{"taxonomy":"post_tag","embeddable":true,"href":"https:\/\/consuladobarcelona.gob.ve\/webalterna\/wp-json\/wp\/v2\/tags?post=2458"}],"curies":[{"name":"wp","href":"https:\/\/api.w.org\/{rel}","templated":true}]}}