{"id":2452,"date":"2020-04-08T18:06:27","date_gmt":"2020-04-08T17:06:27","guid":{"rendered":"http:\/\/consuladobarcelona.gob.ve\/webalterna\/?p=2452"},"modified":"2020-04-08T18:11:09","modified_gmt":"2020-04-08T17:11:09","slug":"2452-2","status":"publish","type":"post","link":"https:\/\/consuladobarcelona.gob.ve\/webalterna\/2452-2\/","title":{"rendered":"COMUNICADO &#8211; Plataforma \u00abLatinoam\u00e9rica Unida Bcn\u00bb se expresa en defensa de Venezuela y contra la pol\u00edtica intervencionistica de Washington"},"content":{"rendered":"<p>BARCELONA &#8211; La Plataforma unitaria \u00abLatinoam\u00e9rica Unida Bcn\u00bb, formada por activistas y colectivos que desde la ciudad de Barcelona defienden los derechos humanos y la libertad de los pueblos latinoamericanos, emiti\u00f3 este lunes un comunicado en rechazo a las \u00ab<strong>a<\/strong><span style=\"font-weight: 400;\"><strong>menazas militares de invasi\u00f3n<\/strong>, cometidas por el imperialismo encabezado por el gobierno de Estados Unidos y Donald Trump, con el consentimiento europeo expresado con su inoportuno silencio, contra el hermano pueblo de la Rep\u00fablica Bolivariana de Venezuela y su legitimo Gobierno\u00bb.\u00a0<\/span><span style=\"font-weight: 400;\">Una <strong>pol\u00edtica intervencionistica<\/strong> que no s\u00f3lo pone en peligro la integridad f\u00edsica del pueblo de Venezuela, afirma la Plataforma, sino que \u00ab<strong>hace peligrar la Paz en la toda regi\u00f3n, m\u00e1s a\u00fan en la situaci\u00f3n de emergencia sanitaria<\/strong>\u00bb por la pandemia del COVID-19.\u00a0<\/span><\/p>\n<p>En el documento, \u00abLatinoam\u00e9rica Unida Bcn\u00bb exige el cese de las <strong>medidas coercitivas unilaterales<\/strong> de Estados Unidos contra Venezuela, al tiempo que aplaude <span style=\"font-weight: 400;\">el proceso de<strong> di\u00e1logo pol\u00edtico<\/strong> que se viene desarrollando entre el gobierno de Venezuela y una parte de la \u00abfracturada oposici\u00f3n\u00bb y\u00a0<\/span><span style=\"font-weight: 400;\">la<strong> gesti\u00f3n sanitaria que llevan adelante tanto las autoridades sanitarias gubernamentales como las organizaciones comunales<\/strong> del pa\u00eds caribe\u00f1o,ante la pandemia. \u00ab<\/span><span style=\"font-weight: 400;\">Saludamos y agradecemos a <strong>Cuba<\/strong>, su pueblo y su revoluci\u00f3n, su apoyo incondicional, a pesar de estar sometida a un criminal bloqueo desde hace casi 60 a\u00f1os, no s\u00f3lo al pueblo hermano de la Rep\u00fablica Bolivariana de Venezuela sino\u00a0 al resto de pa\u00edses donde se le solicita su solidaridad internacionalista e incondicional\u00bb concluye el comunicado.<\/span><\/p>\n<p>&nbsp;<\/p>\n<p><strong>Aqu\u00ed el comunicado:<\/strong><\/p>\n<p>&nbsp;<\/p>\n<p style=\"text-align: right;\"><em><span style=\"font-weight: 400;\">Barcelona, 6 de Abril de 2020<\/span><\/em><\/p>\n<p><em><span style=\"font-weight: 400;\">En estos d\u00edas aciagos, de temor por tantas vidas en juego, la memoria como pueblo latinoamericano no nos traiciona ni nos abandona. Hoy m\u00e1s que nunca recordamos las diferentes intervenciones militares, pol\u00edticas y econ\u00f3micas de los se\u00f1ores de la guerra, los imperialistas del norte, que en su af\u00e1n por decidir sobre nuestras vidas y nuestras riquezas han cometido los m\u00e1s horribles cr\u00edmenes contra la humanidad.<\/span><\/em><\/p>\n<p><em><span style=\"font-weight: 400;\">Recordamos especialmente los pa\u00edses criminalizados,\u00a0 invadidos y sometidos por dictaduras impuestas por EEUU a trav\u00e9s de la aplicaci\u00f3n de la Doctrina Monroe, llevada a cabo por el Plan C\u00f3ndor, vali\u00e9ndose de golpes militares, desapariciones, torturas y asesinatos en nombre de la democracia, la paz y la libertad.<\/span><\/em><\/p>\n<p><em><span style=\"font-weight: 400;\">Por eso desde la Plataforma Latinoam\u00e9rica Unida Barcelona, expresamos nuestro m\u00e1s en\u00e9rgico rechazo a las acciones de agresi\u00f3n pol\u00edtica y econ\u00f3mica, as\u00ed como amenazas militares de invasi\u00f3n, cometidas por el imperialismo encabezado por el gobierno de Estados Unidos y Donald Trump, con el consentimiento europeo expresado con su inoportuno silencio, contra el hermano pueblo de la Rep\u00fablica Bolivariana de Venezuela y su legitimo Gobierno.<\/span><\/em><\/p>\n<p><em><span style=\"font-weight: 400;\">Por eso decimos:<\/span><\/em><\/p>\n<p><em><span style=\"font-weight: 400;\">NO a sus planes de invasi\u00f3n, que con el pretexto de una operaci\u00f3n contra el narcotr\u00e1fico, excusa que s\u00f3lo ellos se creen, no s\u00f3lo pone en peligro la integridad f\u00edsica del pueblo de Venezuela sino que hacer peligrar la PAZ en la toda regi\u00f3n, m\u00e1s a\u00fan en la situaci\u00f3n de emergencia sanitaria a la que se ve abocado nuestro continente, debido a la pandemia por el COVID 19, y que deber\u00eda ser la primera y \u00fanica preocupaci\u00f3n, no s\u00f3lo de Venezuela y los pa\u00edses hermanos, sino del propio gobierno de Estados Unidos por su pueblo.<\/span><\/em><\/p>\n<p><em><span style=\"font-weight: 400;\">NO al absurdo y ofensivo anuncio realizado desde el gobierno de Estados Unidos de poner precio a la cabeza de un gobierno y su presidente, democr\u00e1ticamente escogidos por m\u00e1s de seis millones de venezolanos, con el infundado pretexto de la lucha contra el narcotr\u00e1fico.\u00a0<\/span><\/em><\/p>\n<p><em><span style=\"font-weight: 400;\">NO a la imposici\u00f3n del gobierno de Estados Unidos y sus amigos de gobiernos serviles europeos y latinoamericanos, de un \u201cmarco para una transici\u00f3n democr\u00e1tica pac\u00edfica\u201d que pretende imponer un gobierno t\u00edtere a la medida de sus intenciones injerencistas, como condici\u00f3n para levantar las medidas unilaterales con las que pretende someter al pueblo venezolano mediante el hambre y la falta de insumos m\u00e9dicos y sanitarios, entre otras cosas.<\/span><\/em><\/p>\n<p><em><span style=\"font-weight: 400;\">NO a la violaci\u00f3n masiva de los derechos humanos del pueblo de Venezuela mediante el robo de sus activos y la intervenci\u00f3n de acuerdos comerciales con terceros pa\u00edses mediante medidas coercitivas ilegales del gobierno de Estados Unidos,\u00a0 que ponen en peligro hoy a\u00fan m\u00e1s que nunca la vida de la poblaci\u00f3n venezolana. No al bloqueo econ\u00f3mico, comercial y financiero!<\/span><\/em><\/p>\n<p><em><span style=\"font-weight: 400;\">Para acabar:<\/span><\/em><\/p>\n<p><em><span style=\"font-weight: 400;\">Subscribimos la carta que personalidades del mundo de la cultura, la pol\u00edtica y las ideas, han dirigido al secretario general de Naciones Unidas, Antonio Guterres, exigiendo el fin de las injustas medidas coercitivas unilaterales, impuestas por el gobierno Estados Unidos, para poder afrontar en mejores condiciones la lucha contra la pandemia por el COVID 19.<\/span><\/em><\/p>\n<p><span style=\"font-weight: 400;\"><em>Apoyamos el proceso de di\u00e1logo pol\u00edtico que se viene desarrollando entre el gobierno de Venezuela y una parte de la fracturada oposici\u00f3n, para encontrar una soluci\u00f3n pol\u00edtica que facilite a Venezuela afrontar la crisis sanitaria mundial y las secuelas econ\u00f3micas, que igual que el resto del mundo tendr\u00e1 que afrontar.<\/em><\/span><\/p>\n<p><em><span style=\"font-weight: 400;\">Saludamos y felicitamos la gesti\u00f3n sanitaria que llevan adelante tanto las autoridades sanitarias gubernamentales como las organizaciones comunales, en esta dif\u00edcil situaci\u00f3n por la que atraviesa la poblaci\u00f3n debido a esta terrible pandemia.<\/span><\/em><\/p>\n<p><em><span style=\"font-weight: 400;\">Saludamos y agradecemos a Cuba, su pueblo y su revoluci\u00f3n, su apoyo incondicional, a pesar de estar sometida a un criminal bloqueo desde hace casi 60 a\u00f1os, no s\u00f3lo al pueblo hermano de la Rep\u00fablica Bolivariana de Venezuela sino\u00a0 al resto de pa\u00edses donde se le solicita su solidaridad internacionalista e incondicional.<\/span><\/em><\/p>\n<p><em><span style=\"font-weight: 400;\">\u00a1Venezuela es libre, y libre permanecer\u00e1!<\/span><\/em><\/p>\n<p><em><span style=\"font-weight: 400;\">#VenezuelaSeRespeta<\/span><\/em><\/p>\n<p><em><span style=\"font-weight: 400;\">#FueraYankisDeVenezuela<\/span><\/em><\/p>\n<p><em><span style=\"font-weight: 400;\">#VenezuelaSoberanaDecideLaPaz<\/span><\/em><\/p>\n<p><em><span style=\"font-weight: 400;\">#Latinoam\u00e9ricaConVenezuela<\/span><\/em><\/p>\n<p><em><span style=\"font-weight: 400;\">#NoAlBloqueo<\/span><\/em><\/p>\n<p><em><span style=\"font-weight: 400;\">#NoALaGuerra<\/span><\/em><\/p>\n<p>&nbsp;<\/p>\n<p style=\"text-align: right;\"><span style=\"font-weight: 400;\"><em>Plataforma Latinoam\u00e9rica Unida de Barcelona<\/em>.<\/span><\/p>\n<p style=\"text-align: right;\">\n","protected":false},"excerpt":{"rendered":"<p>BARCELONA &#8211; La Plataforma unitaria \u00abLatinoam\u00e9rica Unida Bcn\u00bb, formada por activistas y colectivos que desde la ciudad de Barcelona defienden los derechos humanos y la libertad de los pueblos latinoamericanos, emiti\u00f3 este lunes un comunicado en rechazo a las \u00abamenazas militares de invasi\u00f3n, cometidas por el imperialismo encabezado por el gobierno de Estados Unidos y\u2026 <span class=\"read-more\"><a href=\"https:\/\/consuladobarcelona.gob.ve\/webalterna\/2452-2\/\">Leer m\u00e1s &raquo;<\/a><\/span><\/p>\n","protected":false},"author":3,"featured_media":2453,"comment_status":"closed","ping_status":"closed","sticky":false,"template":"","format":"standard","meta":{"footnotes":""},"categories":[5],"tags":[],"class_list":["post-2452","post","type-post","status-publish","format-standard","has-post-thumbnail","hentry","category-noticias"],"_links":{"self":[{"href":"https:\/\/consuladobarcelona.gob.ve\/webalterna\/wp-json\/wp\/v2\/posts\/2452","targetHints":{"allow":["GET"]}}],"collection":[{"href":"https:\/\/consuladobarcelona.gob.ve\/webalterna\/wp-json\/wp\/v2\/posts"}],"about":[{"href":"https:\/\/consuladobarcelona.gob.ve\/webalterna\/wp-json\/wp\/v2\/types\/post"}],"author":[{"embeddable":true,"href":"https:\/\/consuladobarcelona.gob.ve\/webalterna\/wp-json\/wp\/v2\/users\/3"}],"replies":[{"embeddable":true,"href":"https:\/\/consuladobarcelona.gob.ve\/webalterna\/wp-json\/wp\/v2\/comments?post=2452"}],"version-history":[{"count":4,"href":"https:\/\/consuladobarcelona.gob.ve\/webalterna\/wp-json\/wp\/v2\/posts\/2452\/revisions"}],"predecessor-version":[{"id":2457,"href":"https:\/\/consuladobarcelona.gob.ve\/webalterna\/wp-json\/wp\/v2\/posts\/2452\/revisions\/2457"}],"wp:featuredmedia":[{"embeddable":true,"href":"https:\/\/consuladobarcelona.gob.ve\/webalterna\/wp-json\/wp\/v2\/media\/2453"}],"wp:attachment":[{"href":"https:\/\/consuladobarcelona.gob.ve\/webalterna\/wp-json\/wp\/v2\/media?parent=2452"}],"wp:term":[{"taxonomy":"category","embeddable":true,"href":"https:\/\/consuladobarcelona.gob.ve\/webalterna\/wp-json\/wp\/v2\/categories?post=2452"},{"taxonomy":"post_tag","embeddable":true,"href":"https:\/\/consuladobarcelona.gob.ve\/webalterna\/wp-json\/wp\/v2\/tags?post=2452"}],"curies":[{"name":"wp","href":"https:\/\/api.w.org\/{rel}","templated":true}]}}