{"id":2439,"date":"2020-04-03T21:42:57","date_gmt":"2020-04-03T20:42:57","guid":{"rendered":"http:\/\/consuladobarcelona.gob.ve\/webalterna\/?p=2439"},"modified":"2020-04-03T21:42:57","modified_gmt":"2020-04-03T20:42:57","slug":"gobierno-bolivariano-rechaza-apoyo-de-la-union-europea-a-planes-injerencistas-de-eeuu-contra-venezuela","status":"publish","type":"post","link":"https:\/\/consuladobarcelona.gob.ve\/webalterna\/gobierno-bolivariano-rechaza-apoyo-de-la-union-europea-a-planes-injerencistas-de-eeuu-contra-venezuela\/","title":{"rendered":"Gobierno Bolivariano rechaza apoyo de la Uni\u00f3n Europea a planes injerencistas de EEUU contra Venezuela"},"content":{"rendered":"<p>La Rep\u00fablica Bolivariana de Venezuela rechaza la Declaraci\u00f3n de Josep Borrell, Alto Representante de la Uni\u00f3n Europea para Asuntos Exteriores y Pol\u00edtica de Seguridad, tras culminar la videoconferencia con los Ministros de Asuntos Exteriores, en la que expresa el apoyo de la UE a iniciativas ajenas a Venezuela, violatorias de su constituci\u00f3n, de la voluntad del pueblo venezolano y del Derecho Internacional.<\/p>\n<p>La Uni\u00f3n Europea, cuya bandera ha sido arriada en varias comunidades de sus Estados miembros, como respuesta a la ineptitud demostrada para ofrecer soluciones ante la expansi\u00f3n de la pandemia del COVID-19, pretende hoy izar la bandera de los Estados Unidos de Am\u00e9rica en el sagrado y soberano suelo de la Rep\u00fablica Bolivariana de Venezuela.<br \/>\nCabe destacar que mientras en varios pa\u00edses de la UE la pandemia se ha salido de control, con un demoledor impacto humano, en Venezuela se avanza modestamente en controlarla y se dedican todos los esfuerzos y recursos para ello, a pesar del bloqueo y las sanciones de EEUU.<br \/>\nLa Uni\u00f3n Europea que hoy saluda la propuesta arbitraria de Washington, es la misma que incurre en profundo y c\u00f3mplice silencio ante los anuncios de la Administraci\u00f3n Trump de poner precio por la captura del Jefe de Estado y varios funcionarios venezolanos, bajo acusaciones infundadas y falsarias. La misma Uni\u00f3n Europea que nada declara, ante los planes del Departamento de Defensa de los Estados Unidos de desplegar buques de guerra para amenazar la integridad territorial y la paz en Venezuela y en la regi\u00f3n latinoamericana y caribe\u00f1a. La Uni\u00f3n Europea que hoy manifiesta su respaldo al enfoque de Washington de levantar las sanciones ilegales contra Venezuela, s\u00ed y s\u00f3lo s\u00ed, se cumple su voluntad y se concreta su prolongado plan de Golpe de Estado.<\/p>\n<p>Poco, por no decir nada, ha contribuido la Uni\u00f3n Europea a la estabilidad de Venezuela durante los \u00faltimos dos a\u00f1os. La continua intromisi\u00f3n en asuntos internos y el desarrollo de sesgadas iniciativas, como el Grupo Internacional de Contacto, no han hecho otra cosa que alimentar las tensiones pol\u00edticas en el pa\u00eds. En consecuencia, la Rep\u00fablica Bolivariana de Venezuela le hace un nuevo llamado a los estados Miembros de la Uni\u00f3n Europea para respetar la soberan\u00eda del pueblo venezolano y les recuerda que, como signatarios todos de la Carta de las Naciones Unidas, lo menos que deben hacer, es respetar sus principios y prop\u00f3sitos.<\/p>\n","protected":false},"excerpt":{"rendered":"<p>La Rep\u00fablica Bolivariana de Venezuela rechaza la Declaraci\u00f3n de Josep Borrell, Alto Representante de la Uni\u00f3n Europea para Asuntos Exteriores y Pol\u00edtica de Seguridad, tras culminar la videoconferencia con los Ministros de Asuntos Exteriores, en la que expresa el apoyo de la UE a iniciativas ajenas a Venezuela, violatorias de su constituci\u00f3n, de la voluntad\u2026 <span class=\"read-more\"><a href=\"https:\/\/consuladobarcelona.gob.ve\/webalterna\/gobierno-bolivariano-rechaza-apoyo-de-la-union-europea-a-planes-injerencistas-de-eeuu-contra-venezuela\/\">Leer m\u00e1s &raquo;<\/a><\/span><\/p>\n","protected":false},"author":3,"featured_media":1461,"comment_status":"closed","ping_status":"closed","sticky":false,"template":"","format":"standard","meta":{"footnotes":""},"categories":[5],"tags":[],"class_list":["post-2439","post","type-post","status-publish","format-standard","has-post-thumbnail","hentry","category-noticias"],"_links":{"self":[{"href":"https:\/\/consuladobarcelona.gob.ve\/webalterna\/wp-json\/wp\/v2\/posts\/2439","targetHints":{"allow":["GET"]}}],"collection":[{"href":"https:\/\/consuladobarcelona.gob.ve\/webalterna\/wp-json\/wp\/v2\/posts"}],"about":[{"href":"https:\/\/consuladobarcelona.gob.ve\/webalterna\/wp-json\/wp\/v2\/types\/post"}],"author":[{"embeddable":true,"href":"https:\/\/consuladobarcelona.gob.ve\/webalterna\/wp-json\/wp\/v2\/users\/3"}],"replies":[{"embeddable":true,"href":"https:\/\/consuladobarcelona.gob.ve\/webalterna\/wp-json\/wp\/v2\/comments?post=2439"}],"version-history":[{"count":1,"href":"https:\/\/consuladobarcelona.gob.ve\/webalterna\/wp-json\/wp\/v2\/posts\/2439\/revisions"}],"predecessor-version":[{"id":2440,"href":"https:\/\/consuladobarcelona.gob.ve\/webalterna\/wp-json\/wp\/v2\/posts\/2439\/revisions\/2440"}],"wp:featuredmedia":[{"embeddable":true,"href":"https:\/\/consuladobarcelona.gob.ve\/webalterna\/wp-json\/wp\/v2\/media\/1461"}],"wp:attachment":[{"href":"https:\/\/consuladobarcelona.gob.ve\/webalterna\/wp-json\/wp\/v2\/media?parent=2439"}],"wp:term":[{"taxonomy":"category","embeddable":true,"href":"https:\/\/consuladobarcelona.gob.ve\/webalterna\/wp-json\/wp\/v2\/categories?post=2439"},{"taxonomy":"post_tag","embeddable":true,"href":"https:\/\/consuladobarcelona.gob.ve\/webalterna\/wp-json\/wp\/v2\/tags?post=2439"}],"curies":[{"name":"wp","href":"https:\/\/api.w.org\/{rel}","templated":true}]}}