{"id":2432,"date":"2020-04-01T11:40:53","date_gmt":"2020-04-01T10:40:53","guid":{"rendered":"http:\/\/consuladobarcelona.gob.ve\/webalterna\/?p=2432"},"modified":"2020-04-01T11:42:59","modified_gmt":"2020-04-01T10:42:59","slug":"venezuela-instala-consejo-de-estado-y-lo-declara-en-emergencia-y-sesion-permanente-ante-amenaza-de-covid-19","status":"publish","type":"post","link":"https:\/\/consuladobarcelona.gob.ve\/webalterna\/venezuela-instala-consejo-de-estado-y-lo-declara-en-emergencia-y-sesion-permanente-ante-amenaza-de-covid-19\/","title":{"rendered":"CORONAVIRUS &#8211; Venezuela instala Consejo de Estado y lo declara en emergencia y sesi\u00f3n permanente ante amenaza de COVID-19"},"content":{"rendered":"<div class=\"mippci-mobile-nav mippci-slide hidden-lg hidden-md\">\n<p>Altas autoridades del Estado venezolano se reunieron este martes en el Consejo de Estado, el cual se declar\u00f3 en estado de emergencia y en sesi\u00f3n permanente ante la amenaza nacional por la enfermedad del nuevo coronavirus (COVID-19).<\/p>\n<p>En la sesi\u00f3n oficial que fue convocada por el presidente Nicol\u00e1s Maduro y a la cual acudi\u00f3 tambi\u00e9n el opositor diputado y presidente de la Asamblea Nacional, Luis Parra, entre otras altas autoridades, fue aprobada por consenso una declaraci\u00f3n con nuevas medidas para combatir la pandemia del COVID-19.<\/p>\n<\/div>\n<div id=\"content\" class=\"mippci-site-content mippci-slide\">\n<div class=\"mippci-section container mippci-no-sid\">\n<article id=\"post-400477\" class=\"mippci-single post-400477 post type-post status-publish format-standard has-post-thumbnail hentry category-destacada category-presidencial tag-destacado\">\n<div class=\"row\">\n<div class=\"col-lg-9 col-md-9 col-mod-single\">\n<div class=\"row\">\n<div class=\"col-lg-10 col-md-10 col-sm-10\">\n<div class=\"entry-content mippci-entry-content\">\n<p>Asimismo, el Consejo de Estado apoy\u00f3 en pleno solicitar y <strong>exigir el cese inmediato de las sanciones coercitivas unilaterales que EEUU impone a Venezuela y que le dificultan al pa\u00eds suramericano gestionar condiciones sanitarias ante la pandemia<\/strong>. El Consejo explica que las sanciones incrementan los obst\u00e1culos que ya son inherentes al propio combate contra la pandemia y generan \u00abindecibles dificultades en el esfuerzo del Estado venezolano para acceder a los recursos que le pertenecen para la adquisici\u00f3n de alimentos, medicinas y equipos\u00bb.<\/p>\n<p>\u00abNos unimos al coro de voces del mundo entero que exige de manera perentoria se imponga la decencia y se declare la moratoria y el cese inmediato de todas las llamadas sanciones impuestas de manera unilateral por el gobierno de Donald Trump contra Venezuela\u00bb, expresa la declaraci\u00f3n final del Consejo de Estado.<\/p>\n<p>Por \u00faltimo, El Consejo de Estado exigi\u00f3 que Venezuela reciba el mismo trato que el resto de los pa\u00edses para utilizar \u00ablos mecanismos de auxilio y ayuda humanitaria a trav\u00e9s de los sistemas financieros multilaterales, hasta este momento obstaculizados de manera directa por el gobierno de Donald Trump\u00bb.<\/p>\n<p>&nbsp;<\/p>\n<p><span style=\"color: #800000;\"><strong>A continuaci\u00f3n las propuestas finales del documento:<\/strong><\/span><\/p>\n<ul>\n<li>El Consejo de Estado as\u00ed establecido en sus alcances en los art\u00edculos 251 y 252 de la Constituci\u00f3n, se declara en <strong>emergencia y en sesi\u00f3n permanente<\/strong> para proporcionar como \u00f3rgano m\u00e1ximo de consulta de la Rep\u00fablica sus aportes para la atenci\u00f3n al pueblo, dise\u00f1o de estrategias y del combate a la infecci\u00f3n y la prevenci\u00f3n de la pandemia en Venezuela.<\/li>\n<\/ul>\n<ul>\n<li>Hace un<strong> llamado perentorio a todos los sectores de la vida social, pol\u00edtica, econ\u00f3mica y religiosa del pa\u00eds<\/strong> para que esta pandemia sea enfrentada en uni\u00f3n y paz nacional haciendo votos y apelando a los m\u00e1s altos valores de solidaridad, disciplina y fortaleza que ha caracterizado a lo largo de su historia al pueblo de Venezuela.<\/li>\n<\/ul>\n<ul>\n<li>Todos los habitantes del planeta son v\u00edctimas de la diseminaci\u00f3n por COVID-19 \u00a0por eso luce como una muestra de barbarie, inhumanidad y desprovista de todo sentido de civilizaci\u00f3n que el Gobierno de los Estados Unidos de Norteam\u00e9rica, persista en sus aviesas e<strong> ilegales\u00a0 practicas de medidas coercitivas contra todo el pueblo de Venezuela, incrementando los obst\u00e1culos\u00a0 que ya son inherentes al propio combate de la pandemia<\/strong> y generando indecibles dificultades en el esfuerzo del Estado venezolano, para acceder a los recursos que le pertenecen para la <strong>adquisici\u00f3n de alimentos, medicina y equipos<\/strong> imprescindibles para el combate contra el COVID-19.<\/li>\n<\/ul>\n<ul>\n<li>Es <strong>urgente que Venezuela pueda acceder a los recursos que de manera legal le corresponden<\/strong> y que han sido sustra\u00eddos o bloqueados por la acci\u00f3n del gobierno de Estados Unidos contra el pa\u00eds.<\/li>\n<\/ul>\n<ul>\n<li>Asimismo, se exige que Venezuela reciba el mismo trato que el resto de los pa\u00edses del mundo y de ese modo utilice los mecanismos de auxilio y de ayuda humanitaria a trav\u00e9s de los sistemas financieros multilaterales, hasta este momento obstaculizados de manera directa por el gobierno de Donald Trump.<\/li>\n<\/ul>\n<ul>\n<li>El Consejo de Estado, convoca de inmediato a los m\u00e1s amplios sectores de la vida nacional para que se imponga un<strong> di\u00e1logo profundo y fecundo<\/strong> para todos juntos enfrentar y vencer a la terrible pandemia global por la infecci\u00f3n del COVID-19.<\/li>\n<\/ul>\n<ul>\n<li>El Consejo de Estado, apoya el <strong>di\u00e1logo entre sectores pol\u00edticos<\/strong> que propuso el presidente de la Rep\u00fablica, Nicol\u00e1s Maduro, que debe realizarse por venezolanos y entre venezolanos. Al mismo tiempo apoya que la convocatoria sea hecha en la <strong>nunciatura apost\u00f3lica<\/strong>, espacio independiente e imparcial c\u00f3nsono para la realizaci\u00f3n de estos.<\/li>\n<\/ul>\n<ul>\n<li>Felicitaci\u00f3n al pueblo de Venezuela, que con su profunda disciplina, sentido de solidaridad y compasi\u00f3n; han implementado medidas de <strong>cuarentena<\/strong>, cuidado y normas de protecci\u00f3n que son, junto a la acci\u00f3n oportuna del Estado, las herramientas fundamentales con las que Venezuela derrotar\u00e1 esta terrible amenaza contra todas las mujeres y hombres del planeta.<\/li>\n<\/ul>\n<p>El Consejo de Estado es un organismo creado con el fin de formular recomendaciones en los asuntos que el Presidente de la Rep\u00fablica lo requiera, y se mantendr\u00e1 en sesi\u00f3n permanente seg\u00fan lo inform\u00f3 el Jefe de Estado y de Gobierno Nicol\u00e1s Maduro.<\/p>\n<p>&nbsp;<\/p>\n<\/div>\n<\/div>\n<p><span style=\"color: #800000;\"><strong>Ascienden a 143 los casos de contagios<\/strong><\/span><\/p>\n<p>El presidente de la Rep\u00fablica, Nicol\u00e1s Maduro Moros, anunci\u00f3 la noche de este martes que en las \u00faltimas 24 horas fueron confirmados ocho nuevos casos de Coronavirus (Covid-19) en el pa\u00eds.<\/p>\n<div class=\"row\">\n<div class=\"col-lg-10 col-md-10 col-sm-10\">\n<div class=\"entry-content mippci-entry-content\">\n<p>Los nuevos pacientes se encuentran ubicados geogr\u00e1ficamente en los estados Aragua, Sucre y Miranda. \u201c3 son personas provenientes de Per\u00fa, 3 del Reino Unido, 2 son casos comunitarios\u201d, detall\u00f3 el Mandatario nacional.<\/p>\n<p>Asimismo inform\u00f3 que de los 143 casos 46 se encuentran en cuarentena domiciliaria, 24 en Centros de Diagn\u00f3stico Integral (CDI), 17 en hospitales centinelas, 12 en cl\u00ednicas privadas, 41 ya est\u00e1n recuperados y 3 fallecieron.<\/p>\n<p>Por otra parte, el Dignatario destac\u00f3 que la encuesta auto diagn\u00f3stica del Sistema Patria ha sido contestada por 16 millones 489 mil 198 personas y ya han sido visitadas 61 mil 739 personas mediante el despistaje casa por casa.<\/p>\n<\/div>\n<\/div>\n<\/div>\n<\/div>\n<\/div>\n<\/div>\n<\/article>\n<\/div>\n<\/div>\n","protected":false},"excerpt":{"rendered":"<p>Altas autoridades del Estado venezolano se reunieron este martes en el Consejo de Estado, el cual se declar\u00f3 en estado de emergencia y en sesi\u00f3n permanente ante la amenaza nacional por la enfermedad del nuevo coronavirus (COVID-19). En la sesi\u00f3n oficial que fue convocada por el presidente Nicol\u00e1s Maduro y a la cual acudi\u00f3 tambi\u00e9n\u2026 <span class=\"read-more\"><a href=\"https:\/\/consuladobarcelona.gob.ve\/webalterna\/venezuela-instala-consejo-de-estado-y-lo-declara-en-emergencia-y-sesion-permanente-ante-amenaza-de-covid-19\/\">Leer m\u00e1s &raquo;<\/a><\/span><\/p>\n","protected":false},"author":3,"featured_media":2418,"comment_status":"closed","ping_status":"closed","sticky":false,"template":"","format":"standard","meta":{"footnotes":""},"categories":[5],"tags":[],"class_list":["post-2432","post","type-post","status-publish","format-standard","has-post-thumbnail","hentry","category-noticias"],"_links":{"self":[{"href":"https:\/\/consuladobarcelona.gob.ve\/webalterna\/wp-json\/wp\/v2\/posts\/2432","targetHints":{"allow":["GET"]}}],"collection":[{"href":"https:\/\/consuladobarcelona.gob.ve\/webalterna\/wp-json\/wp\/v2\/posts"}],"about":[{"href":"https:\/\/consuladobarcelona.gob.ve\/webalterna\/wp-json\/wp\/v2\/types\/post"}],"author":[{"embeddable":true,"href":"https:\/\/consuladobarcelona.gob.ve\/webalterna\/wp-json\/wp\/v2\/users\/3"}],"replies":[{"embeddable":true,"href":"https:\/\/consuladobarcelona.gob.ve\/webalterna\/wp-json\/wp\/v2\/comments?post=2432"}],"version-history":[{"count":2,"href":"https:\/\/consuladobarcelona.gob.ve\/webalterna\/wp-json\/wp\/v2\/posts\/2432\/revisions"}],"predecessor-version":[{"id":2434,"href":"https:\/\/consuladobarcelona.gob.ve\/webalterna\/wp-json\/wp\/v2\/posts\/2432\/revisions\/2434"}],"wp:featuredmedia":[{"embeddable":true,"href":"https:\/\/consuladobarcelona.gob.ve\/webalterna\/wp-json\/wp\/v2\/media\/2418"}],"wp:attachment":[{"href":"https:\/\/consuladobarcelona.gob.ve\/webalterna\/wp-json\/wp\/v2\/media?parent=2432"}],"wp:term":[{"taxonomy":"category","embeddable":true,"href":"https:\/\/consuladobarcelona.gob.ve\/webalterna\/wp-json\/wp\/v2\/categories?post=2432"},{"taxonomy":"post_tag","embeddable":true,"href":"https:\/\/consuladobarcelona.gob.ve\/webalterna\/wp-json\/wp\/v2\/tags?post=2432"}],"curies":[{"name":"wp","href":"https:\/\/api.w.org\/{rel}","templated":true}]}}