{"id":2417,"date":"2020-03-30T18:57:59","date_gmt":"2020-03-30T17:57:59","guid":{"rendered":"http:\/\/consuladobarcelona.gob.ve\/webalterna\/?p=2417"},"modified":"2020-03-31T10:31:58","modified_gmt":"2020-03-31T09:31:58","slug":"coronavirus-consul-martinez-ofrece-charla-sobre-el-impacto-geopolitico-de-la-pandemia","status":"publish","type":"post","link":"https:\/\/consuladobarcelona.gob.ve\/webalterna\/coronavirus-consul-martinez-ofrece-charla-sobre-el-impacto-geopolitico-de-la-pandemia\/","title":{"rendered":"CORONAVIRUS &#8211; C\u00f3nsul Mart\u00ednez ofrece charla sobre el impacto geopol\u00edtico de la pandemia"},"content":{"rendered":"<p>BARCELONA \u2013 En el contexto de la pandemia global causada por el nuevo coronavirus COVID-29, el C\u00f3nsul General de Primera de Venezuela en Barcelona, Antonio Mart\u00ednez, ofreci\u00f3 el pasado viernes 28 de marzo una charla titulada \u201cEl impacto geopol\u00edtico de la crisis\u201d, a trav\u00e9s del canal Youtube de <strong>Arran<\/strong>, la organizaci\u00f3n juvenil de la izquierda independentista catalana.<\/p>\n<p>Mira el v\u00eddeo completo:<span style=\"color: #0000ff;\"> <em>https:\/\/www.youtube.com\/watch?v=mih31biASdQ<\/em><\/span><\/p>\n<p>El diplom\u00e1tico explic\u00f3 que Venezuela fue uno de los pocos pa\u00edses en implementar <strong>medidas dr\u00e1sticas<\/strong> para frenar el avance de la pandemia, cuando a\u00fan se contaban muy pocos casos de personas contagiadas por el virus en el territorio. Algo muy diferente, asever\u00f3, a lo que pasa en Estados Unidos, en Chile o en el vecino Brasil, cuyos gobiernos siguen minimizando el peligro de un<strong> virus que ya provoc\u00f3 m\u00e1s de 35 mil muertos en 192 pa\u00edses. \u00abHoy en d\u00eda los Estados Unidos son el epicentro de la pandemia<\/strong> con m\u00e1s de 10 mil nuevos contagios diarios y un sistema sanitario excluyente\u00bb coment\u00f3, al tiempo que destac\u00f3 la solidaridad ofrecida por pa\u00edses como <strong>Cuba, China y Rusia<\/strong> en la mitigaci\u00f3n de la crisis sanitaria.<\/p>\n<p>Mart\u00ednez enumer\u00f3 las medidas decretadas por el gobierno venezolano para <strong>amortizar el impacto social de la crisis<\/strong> en la poblaci\u00f3n, entre ellas la suspensi\u00f3n del pago de alquileres por seis meses y la inamovilidad laboral. Todo ello mientras el poder popular, es decir el pueblo organizado en consejos comunales y comunas, trabaja para construir mascarillas y combatir la pandemia. \u201cMe emocionan esas acciones solidarias que est\u00e1 tomando mi pueblo\u00bb, afirm\u00f3 el diplom\u00e1tico.<\/p>\n<p>Una menci\u00f3n especial fue reservada al in\u00e9dito mecanismo del <strong>Sistema Patria<\/strong> para el despistaje ampliado y personalizado, que se realiza a partir de un cuestionario sobre s\u00edntomas y condiciones previas del ciudadano que, de ser necesario, es contactado de manera inmediata por el personal m\u00e9dico. M\u00e1s de 15 millones de venezolanos y venezolanas ya respondieron a la encuesta, permitiendo al gobierno venezolano identificar a unas 61 mil personas cuyas condiciones ameritan una visita m\u00e9dica a domicilio para descartar un posible nuevo caso de coronavirus.<\/p>\n<p>En referencia al reciente anuncio injerencista de Washington, en el que se ofrece una recompensa de varios millones de d\u00f3lares por cualquier informaci\u00f3n que lleve al arresto del presidente Nicol\u00e1s Maduro y otros funcionarios, el C\u00f3nsul Mart\u00ednez calific\u00f3 de \u201c<strong>aberrante y ofensivo que en pleno siglo XXI, esa gente priorice una campa\u00f1a pol\u00edtica y no asuma una pandemia que se le est\u00e1 yendo de las manos<\/strong>, y todo por buscar una reelecci\u00f3n\u00bb.<\/p>\n<p>\u201cCuando termine todo, tendremos que darnos cuenta de los fr\u00e1giles que somos. Y<strong> elegir entre una doctrina en el que prevalezca el ser humano sobre el capital, o volver a un fracaso<\/strong>, a la cr\u00f3nica de una muerte anunciada como dir\u00eda Garc\u00eda M\u00e1rquez\u201d concluy\u00f3 el diplom\u00e1tico.<\/p>\n","protected":false},"excerpt":{"rendered":"<p>BARCELONA \u2013 En el contexto de la pandemia global causada por el nuevo coronavirus COVID-29, el C\u00f3nsul General de Primera de Venezuela en Barcelona, Antonio Mart\u00ednez, ofreci\u00f3 el pasado viernes 28 de marzo una charla titulada \u201cEl impacto geopol\u00edtico de la crisis\u201d, a trav\u00e9s del canal Youtube de Arran, la organizaci\u00f3n juvenil de la izquierda\u2026 <span class=\"read-more\"><a href=\"https:\/\/consuladobarcelona.gob.ve\/webalterna\/coronavirus-consul-martinez-ofrece-charla-sobre-el-impacto-geopolitico-de-la-pandemia\/\">Leer m\u00e1s &raquo;<\/a><\/span><\/p>\n","protected":false},"author":3,"featured_media":2419,"comment_status":"closed","ping_status":"closed","sticky":false,"template":"","format":"standard","meta":{"footnotes":""},"categories":[5],"tags":[],"class_list":["post-2417","post","type-post","status-publish","format-standard","has-post-thumbnail","hentry","category-noticias"],"_links":{"self":[{"href":"https:\/\/consuladobarcelona.gob.ve\/webalterna\/wp-json\/wp\/v2\/posts\/2417","targetHints":{"allow":["GET"]}}],"collection":[{"href":"https:\/\/consuladobarcelona.gob.ve\/webalterna\/wp-json\/wp\/v2\/posts"}],"about":[{"href":"https:\/\/consuladobarcelona.gob.ve\/webalterna\/wp-json\/wp\/v2\/types\/post"}],"author":[{"embeddable":true,"href":"https:\/\/consuladobarcelona.gob.ve\/webalterna\/wp-json\/wp\/v2\/users\/3"}],"replies":[{"embeddable":true,"href":"https:\/\/consuladobarcelona.gob.ve\/webalterna\/wp-json\/wp\/v2\/comments?post=2417"}],"version-history":[{"count":2,"href":"https:\/\/consuladobarcelona.gob.ve\/webalterna\/wp-json\/wp\/v2\/posts\/2417\/revisions"}],"predecessor-version":[{"id":2421,"href":"https:\/\/consuladobarcelona.gob.ve\/webalterna\/wp-json\/wp\/v2\/posts\/2417\/revisions\/2421"}],"wp:featuredmedia":[{"embeddable":true,"href":"https:\/\/consuladobarcelona.gob.ve\/webalterna\/wp-json\/wp\/v2\/media\/2419"}],"wp:attachment":[{"href":"https:\/\/consuladobarcelona.gob.ve\/webalterna\/wp-json\/wp\/v2\/media?parent=2417"}],"wp:term":[{"taxonomy":"category","embeddable":true,"href":"https:\/\/consuladobarcelona.gob.ve\/webalterna\/wp-json\/wp\/v2\/categories?post=2417"},{"taxonomy":"post_tag","embeddable":true,"href":"https:\/\/consuladobarcelona.gob.ve\/webalterna\/wp-json\/wp\/v2\/tags?post=2417"}],"curies":[{"name":"wp","href":"https:\/\/api.w.org\/{rel}","templated":true}]}}