{"id":2396,"date":"2020-03-30T11:01:36","date_gmt":"2020-03-30T10:01:36","guid":{"rendered":"http:\/\/consuladobarcelona.gob.ve\/webalterna\/?p=2396"},"modified":"2020-03-30T11:22:37","modified_gmt":"2020-03-30T10:22:37","slug":"venezuela-alerta-sobre-crecimiento-exponencial-del-covid-19-en-la-region","status":"publish","type":"post","link":"https:\/\/consuladobarcelona.gob.ve\/webalterna\/venezuela-alerta-sobre-crecimiento-exponencial-del-covid-19-en-la-region\/","title":{"rendered":"CORONAVIRUS &#8211; Venezuela alerta sobre crecimiento exponencial del Covid-19 en la regi\u00f3n"},"content":{"rendered":"<p>En un an\u00e1lisis de la coyuntura que vive el mundo frente a la pandemia del Coronavirus, en su nueva cepa el Covid-19, el presidente de la Rep\u00fablica Bolivariana de Venezuela, Nicol\u00e1s Maduro, alert\u00f3 al mundo acerca del crecimiento exponencial del virus en el continente americano, que afecta principalmente a los pueblos donde los gobiernos de corte neoliberal han aplicado medidas tard\u00edas de prevenci\u00f3n.<\/p>\n<p>Se refiri\u00f3 al sombr\u00edo panorama que han dibujado los mandatarios de pa\u00edses como <strong>Colombia, Brasil, Estados Unidos y Ecuador<\/strong>, donde la vigilancia epidemiol\u00f3gica se dificulta producto de la elevada curva de transmisi\u00f3n y la ausencia de inversi\u00f3n en salud.<\/p>\n<p>\u201cTenemos a Colombia, ayer sucedi\u00f3 algo que si sucediera en Venezuela, fuera titular en toda la prensa del mundo; <strong>Colombia se qued\u00f3 sin la \u00fanica m\u00e1quina que ten\u00eda para hacer pruebas diagn\u00f3sticas, producto de la desinversi\u00f3n en la salud p\u00fablica de la oligarqu\u00eda<\/strong> que ha gobernado Colombia. Eso no es esc\u00e1ndalo y nadie dice nada, el pueblo abandonado, la salud p\u00fablica abandonada en Colombia\u201d, describi\u00f3 el primer mandatario.<\/p>\n<p>En ese contexto, detall\u00f3 que el gobierno de Iv\u00e1n Duque adolece no s\u00f3lo de los equipos, sino de la voluntad pol\u00edtica para proteger al pueblo neogranadino.<\/p>\n<p>\u201cEllos declaran un grupo de casos, pero el crecimiento es exponencial y no tienen la capacidad, ni el n\u00famero de kits, ni la m\u00e1quina, ni la tecnolog\u00eda que nosotros s\u00ed tenemos para diagnosticar qu\u00e9 est\u00e1 sucediendo en Colombia. Al d\u00eda de hoy en Colombia se han declarado 608 casos y 6 fallecidos. Hay que tomar en cuenta que no tuvieron la m\u00e1quina durante 48 horas y eso produce un subregistro brutal\u201d, explic\u00f3.<\/p>\n<p>Indic\u00f3 que la misma suerte le ha tocado al pueblo de Brasil, donde el presidente <strong>Jair Bolsonaro, con hostilidad ha desestimado la pandemia del Covid-19, refiri\u00e9ndose a ella como una simple gripe<\/strong>.<\/p>\n<p>\u201cJair Bolsonaro todos los d\u00edas dice una locura peor, ofendiendo al pueblo brasilero y a los gobernadores y alcaldes. Ahora est\u00e1 llamando a que la gente rompa la cuarentena diciendo que esto es una \u201cgripecita\u201d, diciendo que la gente de Brasil tiene inmunidad y no le pega el Coronavirus, diciendo que si a \u00e9l le pega el Coronavirus, \u00e9l lo supera, subestimando la realidad\u201d, sostuvo el jefe de Estado.<\/p>\n<p>Mostr\u00f3 en el mapa la situaci\u00f3n de los <strong>Estados Unidos que hoy es epicentro mundial de la crisis<\/strong> del Coronavirus.<\/p>\n<p>\u201c<strong>Estados Unidos registra casi 120 mil infectados, creciendo a raz\u00f3n de 20 mil casos por d\u00eda. Brasil, la locura de Jair Bolsonaro, que ha expandido el virus; Colombia impresionante; Ecuador da dolor, all\u00ed se ha desatado el virus y el gobierno no sabe qu\u00e9 hacer, abandon\u00f3 al pueblo<\/strong>\u201d, denunci\u00f3.<\/p>\n<p>Ante el panorama de la regi\u00f3n que muestra la expansi\u00f3n exponencial del Covid-19,\u00a0 el presidente Nicol\u00e1s Maduro inst\u00f3 al pueblo de Venezuela a ejercer una defensa soberana para preservar la vida y exhort\u00f3 a continuar cumpliendo la cuarentena social, colectiva y voluntaria, as\u00ed como el uso del tapaboca y guardar las medidas sanitarias.<\/p>\n<p><strong>Venezuela construye su Protocolo Nacional para el combate del Covid-19, con las recomendaciones del Sistema de la Organizaci\u00f3n de Naciones Unidas y se apoya en la uni\u00f3n c\u00edvico-militar, en la clase trabajadora y en el Poder Popular <\/strong>organizado que promueve la conciencia social ante esta pandemia.<\/p>\n","protected":false},"excerpt":{"rendered":"<p>En un an\u00e1lisis de la coyuntura que vive el mundo frente a la pandemia del Coronavirus, en su nueva cepa el Covid-19, el presidente de la Rep\u00fablica Bolivariana de Venezuela, Nicol\u00e1s Maduro, alert\u00f3 al mundo acerca del crecimiento exponencial del virus en el continente americano, que afecta principalmente a los pueblos donde los gobiernos de\u2026 <span class=\"read-more\"><a href=\"https:\/\/consuladobarcelona.gob.ve\/webalterna\/venezuela-alerta-sobre-crecimiento-exponencial-del-covid-19-en-la-region\/\">Leer m\u00e1s &raquo;<\/a><\/span><\/p>\n","protected":false},"author":3,"featured_media":2397,"comment_status":"closed","ping_status":"closed","sticky":false,"template":"","format":"standard","meta":{"footnotes":""},"categories":[5],"tags":[],"class_list":["post-2396","post","type-post","status-publish","format-standard","has-post-thumbnail","hentry","category-noticias"],"_links":{"self":[{"href":"https:\/\/consuladobarcelona.gob.ve\/webalterna\/wp-json\/wp\/v2\/posts\/2396","targetHints":{"allow":["GET"]}}],"collection":[{"href":"https:\/\/consuladobarcelona.gob.ve\/webalterna\/wp-json\/wp\/v2\/posts"}],"about":[{"href":"https:\/\/consuladobarcelona.gob.ve\/webalterna\/wp-json\/wp\/v2\/types\/post"}],"author":[{"embeddable":true,"href":"https:\/\/consuladobarcelona.gob.ve\/webalterna\/wp-json\/wp\/v2\/users\/3"}],"replies":[{"embeddable":true,"href":"https:\/\/consuladobarcelona.gob.ve\/webalterna\/wp-json\/wp\/v2\/comments?post=2396"}],"version-history":[{"count":2,"href":"https:\/\/consuladobarcelona.gob.ve\/webalterna\/wp-json\/wp\/v2\/posts\/2396\/revisions"}],"predecessor-version":[{"id":2399,"href":"https:\/\/consuladobarcelona.gob.ve\/webalterna\/wp-json\/wp\/v2\/posts\/2396\/revisions\/2399"}],"wp:featuredmedia":[{"embeddable":true,"href":"https:\/\/consuladobarcelona.gob.ve\/webalterna\/wp-json\/wp\/v2\/media\/2397"}],"wp:attachment":[{"href":"https:\/\/consuladobarcelona.gob.ve\/webalterna\/wp-json\/wp\/v2\/media?parent=2396"}],"wp:term":[{"taxonomy":"category","embeddable":true,"href":"https:\/\/consuladobarcelona.gob.ve\/webalterna\/wp-json\/wp\/v2\/categories?post=2396"},{"taxonomy":"post_tag","embeddable":true,"href":"https:\/\/consuladobarcelona.gob.ve\/webalterna\/wp-json\/wp\/v2\/tags?post=2396"}],"curies":[{"name":"wp","href":"https:\/\/api.w.org\/{rel}","templated":true}]}}