{"id":2393,"date":"2020-03-30T10:52:48","date_gmt":"2020-03-30T09:52:48","guid":{"rendered":"http:\/\/consuladobarcelona.gob.ve\/webalterna\/?p=2393"},"modified":"2020-03-30T11:33:34","modified_gmt":"2020-03-30T10:33:34","slug":"coronavirus-gobierno-venezolano-confirma-tres-fallecidos-y-10-nuevos-contagios","status":"publish","type":"post","link":"https:\/\/consuladobarcelona.gob.ve\/webalterna\/coronavirus-gobierno-venezolano-confirma-tres-fallecidos-y-10-nuevos-contagios\/","title":{"rendered":"CORONAVIRUS &#8211; Gobierno venezolano confirma tres fallecidos y 10 nuevos contagios"},"content":{"rendered":"<p>El Vicepresidente Sectorial para la Comunicaci\u00f3n, Cultura y Turismo de Venezuela, Jorge Rodr\u00edguez, ofreci\u00f3 este domingo un balance de las medidas tomadas por el Ejecutivo nacional para combatir el coronavirus en la naci\u00f3n suramericana.<\/p>\n<p>\u00abLa cuarentena es el mecanismo que funciona para aplanar la l\u00ednea de infecci\u00f3n y disminuir casos de contagios. Nuestro pa\u00eds tiene <strong>dos vecinos (Colombia y Brasil, ndr) donde el aumento de casos crece de manera exponencial<\/strong>, por eso debemos tener mucho cuidado con el cumplimiento de las medidas\u00bb, indic\u00f3 el ministro Rodr\u00edguez, quien reiter\u00f3\u00a0que las autoridades de salud est\u00e1n aplicando todas las <strong>pruebas r\u00e1pidas<\/strong> a los habitantes con s\u00edntomas de gripe, personas que ingresan al pa\u00eds por la frontera con Colombia.<\/p>\n<p>\u00abTenemos todas las pruebas y kits suficientes para atender a los pacientes que se presenten con sintomatolog\u00eda. Hoy estamos haciendo <strong>m\u00e1s de 3 mil pruebas r\u00e1pidas<\/strong> a personas (\u2026) estamos haciendo la prueba a todo el tipo de personas, aun cuando presentaron s\u00edntomas leves\u201d afirm\u00f3.<\/p>\n<p>Rodr\u00edguez indic\u00f3 que los profesionales m\u00e9dicos est\u00e1n activados en el casa por casa para atender a la poblaci\u00f3n y aplicar las pruebas r\u00e1pidas.<\/p>\n<p>\u201cNo nos estamos conformando solo con los pacientes que acuden con una sintomatolog\u00eda\u201d, sino que \u201cestamos yendo a buscar los casos con <strong>despistaje personalizado y ampliado<\/strong>\u201d, el cual lo realiza un personal especializado, luego de que las personas respondieron la encuesta de salud en el sistema Patria. \u00abTenemos <strong>casi 20.000 profesionales de la salud desplegados en todo el territorio<\/strong> nacional, atendiendo los casos que respondieron la <strong>encuesta Covid-19<\/strong>, es decir: 15.860.765 personas. Esta es una batalla que estamos ganando, pero no podemos cantar victoria. Vienen d\u00edas complejos y la mejor manera de enfrentarlos es quedarnos en casa, respondiendo la encuesta de plataforma Patria, no espere que los s\u00edntomas avancen\u00bb, expres\u00f3 el vicepresidente Sectorial.<\/p>\n<p>El ministro Rodr\u00edguez argument\u00f3 que \u201cel gobierno mantiene, desde antes de que se diagnosticaran los primeros casos del Covid-19, toda la atenci\u00f3n y acuciosidad, los protocolos establecidos por la <strong>Organizaci\u00f3n Mundial de la Salud (OMS)<\/strong>\u201d.\u00a0Sostuvo adem\u00e1s que el pa\u00eds ha recibido, frente a la crisis de esta pandemia, las \u201c<strong>asesor\u00edas de China, Cuba, epidemi\u00f3logos venezolanos, de la OMS<\/strong>, de manera que los cuatro puntos b\u00e1sicos de atenci\u00f3n que estableci\u00f3 el Presidente, se han derivado de lo se\u00f1alado por los expertos\u201d, entre estos la cuarentena y la pesquisa, \u201cse han cumplido\u201d.<\/p>\n<p>&nbsp;<\/p>\n<p><strong><span style=\"color: #800000;\">Balance<\/span><\/strong><\/p>\n<p>Hasta la fecha <strong>87 pacientes contin\u00faan bajo supervisi\u00f3n m\u00e9dica, 39 se han recuperado y lamentablemente 3 han fallecido<\/strong>.<\/p>\n<p>La madrugada de este domingo, falleci\u00f3 un sexagenario que resid\u00eda en la parroquia Ant\u00edmano. El hombre se desempe\u00f1aba como taxista y presentaba antecedentes de enfermedades cr\u00f3nicas como diabetes. Lleg\u00f3 con un cuadro cl\u00ednico comprometido,\u00a0recibi\u00f3 la atenci\u00f3n y tratamiento correspondiente, sin embargo, al tratarse un caso de extrema gravedad no fue posible evitar su fallecimiento.<\/p>\n<p>El Vicepresidente Sectorial de Comunicaci\u00f3n, Cultura y Deporte inform\u00f3 tambi\u00e9n que \u00aben las \u00faltimas 24 horas, confirmamos <strong>10 nuevos casos de infecci\u00f3n<\/strong> por Covid-19, dos en aragua, dos en Caracas, dos en Miranda, dos en Barinas y uno en el estado Zulia, llegando a un total de 129 pacientes positivos\u00bb, se\u00f1al\u00f3 Rodr\u00edguez.<\/p>\n<p>&nbsp;<\/p>\n<p>&nbsp;<\/p>\n<p>&nbsp;<\/p>\n","protected":false},"excerpt":{"rendered":"<p>El Vicepresidente Sectorial para la Comunicaci\u00f3n, Cultura y Turismo de Venezuela, Jorge Rodr\u00edguez, ofreci\u00f3 este domingo un balance de las medidas tomadas por el Ejecutivo nacional para combatir el coronavirus en la naci\u00f3n suramericana. \u00abLa cuarentena es el mecanismo que funciona para aplanar la l\u00ednea de infecci\u00f3n y disminuir casos de contagios. Nuestro pa\u00eds tiene\u2026 <span class=\"read-more\"><a href=\"https:\/\/consuladobarcelona.gob.ve\/webalterna\/coronavirus-gobierno-venezolano-confirma-tres-fallecidos-y-10-nuevos-contagios\/\">Leer m\u00e1s &raquo;<\/a><\/span><\/p>\n","protected":false},"author":3,"featured_media":2394,"comment_status":"closed","ping_status":"closed","sticky":false,"template":"","format":"standard","meta":{"footnotes":""},"categories":[5],"tags":[],"class_list":["post-2393","post","type-post","status-publish","format-standard","has-post-thumbnail","hentry","category-noticias"],"_links":{"self":[{"href":"https:\/\/consuladobarcelona.gob.ve\/webalterna\/wp-json\/wp\/v2\/posts\/2393","targetHints":{"allow":["GET"]}}],"collection":[{"href":"https:\/\/consuladobarcelona.gob.ve\/webalterna\/wp-json\/wp\/v2\/posts"}],"about":[{"href":"https:\/\/consuladobarcelona.gob.ve\/webalterna\/wp-json\/wp\/v2\/types\/post"}],"author":[{"embeddable":true,"href":"https:\/\/consuladobarcelona.gob.ve\/webalterna\/wp-json\/wp\/v2\/users\/3"}],"replies":[{"embeddable":true,"href":"https:\/\/consuladobarcelona.gob.ve\/webalterna\/wp-json\/wp\/v2\/comments?post=2393"}],"version-history":[{"count":2,"href":"https:\/\/consuladobarcelona.gob.ve\/webalterna\/wp-json\/wp\/v2\/posts\/2393\/revisions"}],"predecessor-version":[{"id":2401,"href":"https:\/\/consuladobarcelona.gob.ve\/webalterna\/wp-json\/wp\/v2\/posts\/2393\/revisions\/2401"}],"wp:featuredmedia":[{"embeddable":true,"href":"https:\/\/consuladobarcelona.gob.ve\/webalterna\/wp-json\/wp\/v2\/media\/2394"}],"wp:attachment":[{"href":"https:\/\/consuladobarcelona.gob.ve\/webalterna\/wp-json\/wp\/v2\/media?parent=2393"}],"wp:term":[{"taxonomy":"category","embeddable":true,"href":"https:\/\/consuladobarcelona.gob.ve\/webalterna\/wp-json\/wp\/v2\/categories?post=2393"},{"taxonomy":"post_tag","embeddable":true,"href":"https:\/\/consuladobarcelona.gob.ve\/webalterna\/wp-json\/wp\/v2\/tags?post=2393"}],"curies":[{"name":"wp","href":"https:\/\/api.w.org\/{rel}","templated":true}]}}