{"id":2389,"date":"2020-03-27T13:29:28","date_gmt":"2020-03-27T12:29:28","guid":{"rendered":"http:\/\/consuladobarcelona.gob.ve\/webalterna\/?p=2389"},"modified":"2020-03-27T13:29:28","modified_gmt":"2020-03-27T12:29:28","slug":"ee-uu-presenta-cargos-por-narcotrafico-y-terrorismo-contra-el-pdte-maduro-el-mandatario-nuestra-vida-ha-sido-la-lucha-politica-y-social","status":"publish","type":"post","link":"https:\/\/consuladobarcelona.gob.ve\/webalterna\/ee-uu-presenta-cargos-por-narcotrafico-y-terrorismo-contra-el-pdte-maduro-el-mandatario-nuestra-vida-ha-sido-la-lucha-politica-y-social\/","title":{"rendered":"EE.UU. presenta cargos por narcotrafico y terrorismo contra el Pdte. Maduro. El mandatario: \u00abNuestra vida ha sido la lucha pol\u00edtica y social\u00bb"},"content":{"rendered":"<p>El fiscal general de EE.UU., William Barr, present\u00f3 cargos formales de narcoterrorismo, tr\u00e1fico de armas y corrupci\u00f3n contra el presidente de Venezuela, Nicol\u00e1s Maduro.<\/p>\n<p>Las acusaciones tambi\u00e9n est\u00e1n dirigidas contra 13 altos funcionarios de Venezuela, como el presidente del Tribunal Supremo de Justicia (TSJ), Maikel Moreno; el ministro de Defensa, Vladimir Padrino L\u00f3pez; el titular de la Asamblea Nacional Constituyente, Diosdado Cabello; y el ministro de Industria y Producci\u00f3n, Tareck El Aissami. En la lista tambi\u00e9n constan el general (retirado) Hugo Carvajal Barrios, exdirector de la Direcci\u00f3n de Inteligencia Militar de Venezuela (DGCIM); y Cl\u00edver Alcal\u00e1 Cordones, General Mayor (retirado) del Ej\u00e9rcito de Venezuela.<\/p>\n<p>A la par de esta acusaciones, el Departamento de Estado difundi\u00f3 un comunicado del secretario de Estado, Mike Pompeo, en el que se ofrece\u00a0una recompensa de\u00a015 millones de d\u00f3lares por informaci\u00f3n que lleve al arresto o procesamiento de Maduro; mientras que dan\u00a010 millones de d\u00f3lares por Alcal\u00e1, Cabello, Carvajal y El Aissami.<\/p>\n<p>&nbsp;<\/p>\n<p><strong>Pdte. Maduro: \u00a1Prep\u00e1rense para la furia bolivariana!<\/strong><\/p>\n<p>El presidente Maduro denunci\u00f3 la nueva arremetida contra Venezuela en medio de la lucha contra el Covid-19, que intenta desviar la atenci\u00f3n de la comunidad internacional ante la crisis sanitaria que enfrenta actualmente EE.UU, al convertirse en el mayor pa\u00eds de contagiados por la pandemia.<\/p>\n<p>\u201cMe acusan de tener relaciones con la Farc (Fuerzas Armadas Revolucionarias de Colombia) y desde Venezuela construimos junto a Colombia los acuerdo de paz reconocidos p\u00fablicamente en todo los documentos oficiales, reconocidos por el Consejo de Seguridad de la ONU (Organizaci\u00f3n de las Naciones Unidas)\u201d, asever\u00f3.<\/p>\n<p>Venezuela tiene el r\u00e9cord de combate contra el narcotr\u00e1fico en los \u00faltimos 15 a\u00f1os, asegur\u00f3 el mandatario.<\/p>\n<p>\u201c\u00bfNos van a acusar de terroristas los terroristas del mundo, los que bombardean pueblos? Si algo he hecho es combatir las mafias, nuestra vida ha sido la lucha pol\u00edtica y social\u201d, afirm\u00f3.<\/p>\n<p>Pidi\u00f3 que se prepare en las pr\u00f3ximas 48 horas un canal de di\u00e1logo con la oposici\u00f3n venezolana.<\/p>\n<p>\u00abQuiero di\u00e1logo. En las circunstancias que sea y a pesar de que ustedes quieran matarme. S\u00ed, ustedes que s\u00e9 que me est\u00e1n escuchando\u00bb.<\/p>\n<p>Al momento de referirse a los planes que se erigen desde territorio colombiano para asaltar el poder en Venezuela, el mandatario asegur\u00f3 que su pa\u00eds quiere paz, \u201csomos dem\u00f3cratas y estamos dispuestos a convivir y a respetarnos\u201d, m\u00e1s sin embargo enfatiz\u00f3 que \u201cpor las malas, en nuestras fronteras y m\u00e1s all\u00e1 de nuestras fronteras. \u00a1Oligarqu\u00eda colombiana no toquen al pueblo de Bol\u00edvar!, sabemos combatir con todas las formas de lucha\u201d.<\/p>\n<p>\u201cVenezuela tiene planes para todos los escenarios y si un d\u00eda el imperialismo y la oligarqu\u00eda colombiana se atreviera a tocarnos, \u00a1Prep\u00e1rense para la furia bolivariana de un pueblo que arrasar\u00eda con todos ustedes!\u201d.<\/p>\n<p>&nbsp;<\/p>\n<p><strong>Colombia, un \u00abnarcogobierno miserable sometido a EE.UU\u00bb<\/strong><\/p>\n<p>El gobierno de Colombia emiti\u00f3 un comunicado en el que califica las decisiones tomadas por EE.UU como \u00abun anuncio determinante en la lucha internacional contra el narcotr\u00e1fico y el terrorismo\u00bb.\u00a0El ministro del Poder Popular para Relaciones Exteriores de Venezuela, Jorge Arreaza, calific\u00f3 dicho comunicado como una acci\u00f3n de \u00abun narcogobierno miserable, sometido y asociado con Estados Unidos\u00bb.<span id=\"more-85209\"><\/span><\/p>\n<blockquote><p>\u201cEste comunicado solo puede ser emitido por un narcogobierno miserable, sometido y asociado con EEUU en el m\u00e1s lucrativo y perverso negocio mundial de producci\u00f3n y distribuci\u00f3n de drogas, que matan y esclavizan a millones de j\u00f3venes en Estados Unidos\u201d, expres\u00f3 el diplom\u00e1tico venezolano a trav\u00e9s de su cuenta en Twitter @jaarreaza.<\/p><\/blockquote>\n<blockquote class=\"twitter-tweet\" data-width=\"550\" data-dnt=\"true\">\n<p lang=\"es\" dir=\"ltr\">Este comunicado s\u00f3lo puede ser emitido por un Narcogobierno MISERABLE, sometido y asociado con EEUU en el m\u00e1s lucrativo y perverso negocio mundial de producci\u00f3n y distribuci\u00f3n de drogas, que matan y esclavizan a millones de j\u00f3venes en Estados Unidos.<a href=\"https:\/\/t.co\/mewqUgh02O\">https:\/\/t.co\/mewqUgh02O<\/a><\/p>\n<p>&mdash; Jorge Arreaza M (@jaarreaza) <a href=\"https:\/\/twitter.com\/jaarreaza\/status\/1243326181954461697?ref_src=twsrc%5Etfw\">March 26, 2020<\/a><\/p><\/blockquote>\n<p><script async src=\"https:\/\/platform.twitter.com\/widgets.js\" charset=\"utf-8\"><\/script><\/p>\n<p>Asimismo, el canciller Arreaza denunci\u00f3 que ambos pa\u00edses, -Colombia y Estados Unidos- est\u00e1n en un lucrativo y perverso negocio a escala mundial, como lo es la producci\u00f3n y distribuci\u00f3n de drogas, que deja un saldo de millones de j\u00f3venes muertos y esclavizados.<\/p>\n<p>&nbsp;<\/p>\n","protected":false},"excerpt":{"rendered":"<p>El fiscal general de EE.UU., William Barr, present\u00f3 cargos formales de narcoterrorismo, tr\u00e1fico de armas y corrupci\u00f3n contra el presidente de Venezuela, Nicol\u00e1s Maduro. Las acusaciones tambi\u00e9n est\u00e1n dirigidas contra 13 altos funcionarios de Venezuela, como el presidente del Tribunal Supremo de Justicia (TSJ), Maikel Moreno; el ministro de Defensa, Vladimir Padrino L\u00f3pez; el titular\u2026 <span class=\"read-more\"><a href=\"https:\/\/consuladobarcelona.gob.ve\/webalterna\/ee-uu-presenta-cargos-por-narcotrafico-y-terrorismo-contra-el-pdte-maduro-el-mandatario-nuestra-vida-ha-sido-la-lucha-politica-y-social\/\">Leer m\u00e1s &raquo;<\/a><\/span><\/p>\n","protected":false},"author":3,"featured_media":2391,"comment_status":"closed","ping_status":"closed","sticky":false,"template":"","format":"standard","meta":{"footnotes":""},"categories":[5],"tags":[],"class_list":["post-2389","post","type-post","status-publish","format-standard","has-post-thumbnail","hentry","category-noticias"],"_links":{"self":[{"href":"https:\/\/consuladobarcelona.gob.ve\/webalterna\/wp-json\/wp\/v2\/posts\/2389","targetHints":{"allow":["GET"]}}],"collection":[{"href":"https:\/\/consuladobarcelona.gob.ve\/webalterna\/wp-json\/wp\/v2\/posts"}],"about":[{"href":"https:\/\/consuladobarcelona.gob.ve\/webalterna\/wp-json\/wp\/v2\/types\/post"}],"author":[{"embeddable":true,"href":"https:\/\/consuladobarcelona.gob.ve\/webalterna\/wp-json\/wp\/v2\/users\/3"}],"replies":[{"embeddable":true,"href":"https:\/\/consuladobarcelona.gob.ve\/webalterna\/wp-json\/wp\/v2\/comments?post=2389"}],"version-history":[{"count":1,"href":"https:\/\/consuladobarcelona.gob.ve\/webalterna\/wp-json\/wp\/v2\/posts\/2389\/revisions"}],"predecessor-version":[{"id":2392,"href":"https:\/\/consuladobarcelona.gob.ve\/webalterna\/wp-json\/wp\/v2\/posts\/2389\/revisions\/2392"}],"wp:featuredmedia":[{"embeddable":true,"href":"https:\/\/consuladobarcelona.gob.ve\/webalterna\/wp-json\/wp\/v2\/media\/2391"}],"wp:attachment":[{"href":"https:\/\/consuladobarcelona.gob.ve\/webalterna\/wp-json\/wp\/v2\/media?parent=2389"}],"wp:term":[{"taxonomy":"category","embeddable":true,"href":"https:\/\/consuladobarcelona.gob.ve\/webalterna\/wp-json\/wp\/v2\/categories?post=2389"},{"taxonomy":"post_tag","embeddable":true,"href":"https:\/\/consuladobarcelona.gob.ve\/webalterna\/wp-json\/wp\/v2\/tags?post=2389"}],"curies":[{"name":"wp","href":"https:\/\/api.w.org\/{rel}","templated":true}]}}