{"id":2379,"date":"2020-03-26T11:22:28","date_gmt":"2020-03-26T10:22:28","guid":{"rendered":"http:\/\/consuladobarcelona.gob.ve\/webalterna\/?p=2379"},"modified":"2020-03-26T11:22:28","modified_gmt":"2020-03-26T10:22:28","slug":"pdte-nicolas-maduro-llama-a-dialogo-con-oposicion-por-covid-19","status":"publish","type":"post","link":"https:\/\/consuladobarcelona.gob.ve\/webalterna\/pdte-nicolas-maduro-llama-a-dialogo-con-oposicion-por-covid-19\/","title":{"rendered":"Pdte. Nicol\u00e1s Maduro llama a di\u00e1logo con oposici\u00f3n por Covid-19"},"content":{"rendered":"<p>El presidente de Venezuela, Nicol\u00e1s Maduro, anunci\u00f3 este mi\u00e9rcoles que es necesario una reuni\u00f3n con todos los sectores opositores para atacar con mayor eficacia la pandemia del coronavirus.<\/p>\n<p>\u00abEstoy dispuesto a reunirme con todos los sectores que quieran conversar sobre la pandemia del coronavirus, los cuidados a nuestro pueblo y llegar a acuerdos con ellos en funci\u00f3n de los intereses nacionales\u00bb, indic\u00f3 el jefe de Estado.<\/p>\n<p>Asimismo, destac\u00f3 la actitud de algunos dirigentes opositores en dejar a un lado sus intereses pol\u00edticos y valorar la medida de cuarentena, \u00abhemos atendido llamados de todos los sectores pol\u00edticos para abordar el tema del virus\u00bb, agreg\u00f3.<\/p>\n<p>\u00abVenezuela va a salir adelante, tenemos tres frentes de batalla bien definidos: El frente de la salud, el frente econ\u00f3mico y el frente de la estabilidad que debemos cuidar junto a nuestro pueblo (&#8230;) tenemos que continuar con disciplina y con esp\u00edritu profundo para contener esta pandemia\u00bb, asever\u00f3 el presidente Maduro.<\/p>\n<p>La vicepresidenta nacional, Delcy Rodr\u00edguez, confirm\u00f3 cinco nuevos casos llegando a la suma de 106 contagios, \u00abcinco en el estado Miranda, cuatro en Aragua, dos en Distrito Capital, dos en Zulia, uno en Bolivar y uno en Los Roques\u00bb, agreg\u00f3.<\/p>\n","protected":false},"excerpt":{"rendered":"<p>El presidente de Venezuela, Nicol\u00e1s Maduro, anunci\u00f3 este mi\u00e9rcoles que es necesario una reuni\u00f3n con todos los sectores opositores para atacar con mayor eficacia la pandemia del coronavirus. \u00abEstoy dispuesto a reunirme con todos los sectores que quieran conversar sobre la pandemia del coronavirus, los cuidados a nuestro pueblo y llegar a acuerdos con ellos\u2026 <span class=\"read-more\"><a href=\"https:\/\/consuladobarcelona.gob.ve\/webalterna\/pdte-nicolas-maduro-llama-a-dialogo-con-oposicion-por-covid-19\/\">Leer m\u00e1s &raquo;<\/a><\/span><\/p>\n","protected":false},"author":3,"featured_media":2314,"comment_status":"closed","ping_status":"closed","sticky":false,"template":"","format":"standard","meta":{"footnotes":""},"categories":[5],"tags":[],"class_list":["post-2379","post","type-post","status-publish","format-standard","has-post-thumbnail","hentry","category-noticias"],"_links":{"self":[{"href":"https:\/\/consuladobarcelona.gob.ve\/webalterna\/wp-json\/wp\/v2\/posts\/2379","targetHints":{"allow":["GET"]}}],"collection":[{"href":"https:\/\/consuladobarcelona.gob.ve\/webalterna\/wp-json\/wp\/v2\/posts"}],"about":[{"href":"https:\/\/consuladobarcelona.gob.ve\/webalterna\/wp-json\/wp\/v2\/types\/post"}],"author":[{"embeddable":true,"href":"https:\/\/consuladobarcelona.gob.ve\/webalterna\/wp-json\/wp\/v2\/users\/3"}],"replies":[{"embeddable":true,"href":"https:\/\/consuladobarcelona.gob.ve\/webalterna\/wp-json\/wp\/v2\/comments?post=2379"}],"version-history":[{"count":1,"href":"https:\/\/consuladobarcelona.gob.ve\/webalterna\/wp-json\/wp\/v2\/posts\/2379\/revisions"}],"predecessor-version":[{"id":2380,"href":"https:\/\/consuladobarcelona.gob.ve\/webalterna\/wp-json\/wp\/v2\/posts\/2379\/revisions\/2380"}],"wp:featuredmedia":[{"embeddable":true,"href":"https:\/\/consuladobarcelona.gob.ve\/webalterna\/wp-json\/wp\/v2\/media\/2314"}],"wp:attachment":[{"href":"https:\/\/consuladobarcelona.gob.ve\/webalterna\/wp-json\/wp\/v2\/media?parent=2379"}],"wp:term":[{"taxonomy":"category","embeddable":true,"href":"https:\/\/consuladobarcelona.gob.ve\/webalterna\/wp-json\/wp\/v2\/categories?post=2379"},{"taxonomy":"post_tag","embeddable":true,"href":"https:\/\/consuladobarcelona.gob.ve\/webalterna\/wp-json\/wp\/v2\/tags?post=2379"}],"curies":[{"name":"wp","href":"https:\/\/api.w.org\/{rel}","templated":true}]}}