{"id":2376,"date":"2020-03-26T11:08:20","date_gmt":"2020-03-26T10:08:20","guid":{"rendered":"http:\/\/consuladobarcelona.gob.ve\/webalterna\/?p=2376"},"modified":"2020-03-26T11:08:20","modified_gmt":"2020-03-26T10:08:20","slug":"venezuela-denunciara-en-onu-nuevos-planes-violentos-desde-colombia","status":"publish","type":"post","link":"https:\/\/consuladobarcelona.gob.ve\/webalterna\/venezuela-denunciara-en-onu-nuevos-planes-violentos-desde-colombia\/","title":{"rendered":"Venezuela denunciar\u00e1 en ONU nuevos planes violentos desde Colombia"},"content":{"rendered":"<div class=\"subtitle\">\n<p>El ministro de Relaciones Exteriores de Venezuela, Jorge Arreaza, anunci\u00f3 este mi\u00e9rcoles que el Gobierno de su pa\u00eds denunciar\u00e1 ante la Organizaci\u00f3n de las Naciones Unidas (ONU), los nuevos planes violentos que se organizan desde Colombia.<\/p>\n<\/div>\n<div class=\"txt_newworld\">\n<p>\u00abDenunciaremos ante la ONU los nuevos planes violentos organizados desde Colombia para generar<strong> ataques terroristas y asesinatos selectivos a autoridades en Venezuela. Desde 2018 informamos al Gobierno\u00a0de Colombia sobre estos planes y nada hacen<\/strong>. Todo indica que los apoyan y financian\u00bb, indic\u00f3 el canciller.<\/p>\n<p>El\u00a0jefe de la diplomacia venezolana hac\u00eda referencia a los planes desestabilizadores que pretend\u00eda ejecutar la oposici\u00f3n de este pa\u00eds y que fueran denunciados en la ma\u00f1ana de este mi\u00e9rcoles por el vicepresidente de Comunicaciones, Turismo y Cultura, Jorge Rodr\u00edguez.<\/p>\n<\/div>\n<p>El presidente venezolano, Nicol\u00e1s Maduro, anunci\u00f3 el pasado martes que desde Colombia se entrenan focos violentos que se entrenan en <strong>Barranquilla y R\u00edohacha<\/strong> para atacar el pa\u00eds en medio de la pandemia del Covid-19.<\/p>\n<p>\u00abContin\u00faan las conspiraciones, ayer fue capturado\u00a0en la carretera de Barranquilla- Riohacha, una persona de nombre Jorge Alberto Molinares Duque, quien se movilizaba en un veh\u00edculo y ah\u00ed transportaba un arsenal de armas\u00bb, inform\u00f3 el presidente.<\/p>\n<p>Asimismo, el ministro Rodr\u00edguez\u00a0detall\u00f3 un<strong> plan coordinado desde Colombia<\/strong> para atentar este marzo contra el jefe de Estado, el presidente de la Asamblea Nacional Constituyente, Diosdado Cabello, as\u00ed como la vicepresidenta y ministros.\u00a0Desde Colombia proced\u00eda un <strong>amplio arsenal de guerra<\/strong> incautado por por la Polic\u00eda de Tr\u00e1nsito de ese pa\u00eds, el que comprend\u00eda al menos 26 fusiles de asalto AR-15, miras telesc\u00f3piscas, visores nocturnos, silenciadores para fusiles, 30 miras l\u00e1ser, designadores l\u00e1ser y radios de comunicaci\u00f3n, as\u00ed como chalecos y cascos t\u00e1cticos, valorados en aproximadamente 500.000 d\u00f3lares.\u00a0La ruta cr\u00edtica de este armamento desde Barranquilla (noreste de Colombia) hasta ingresar al estado Zulia (noroeste de Venezuela), apertrechar\u00eda a tres grupos de asalto entrenados en Colombia para generar situaciones de violencia en el pa\u00eds suramericano.<\/p>\n<p>Rodriguez asegur\u00f3 que el presidente de Colombia, <strong>Iv\u00e1n Duque<\/strong>, colabor\u00f3 en estos planes con la derecha venezolana, al tiempo que puso al tanto a su hom\u00f3logo estadounidense,\u00a0<strong>Donald Trump<\/strong>, tras su encuentro en Washington.<\/p>\n<p>&nbsp;<\/p>\n<p>&nbsp;<\/p>\n<p>&nbsp;<\/p>\n<p>&nbsp;<\/p>\n<p>&nbsp;<\/p>\n","protected":false},"excerpt":{"rendered":"<p>El ministro de Relaciones Exteriores de Venezuela, Jorge Arreaza, anunci\u00f3 este mi\u00e9rcoles que el Gobierno de su pa\u00eds denunciar\u00e1 ante la Organizaci\u00f3n de las Naciones Unidas (ONU), los nuevos planes violentos que se organizan desde Colombia. \u00abDenunciaremos ante la ONU los nuevos planes violentos organizados desde Colombia para generar ataques terroristas y asesinatos selectivos a\u2026 <span class=\"read-more\"><a href=\"https:\/\/consuladobarcelona.gob.ve\/webalterna\/venezuela-denunciara-en-onu-nuevos-planes-violentos-desde-colombia\/\">Leer m\u00e1s &raquo;<\/a><\/span><\/p>\n","protected":false},"author":3,"featured_media":2377,"comment_status":"closed","ping_status":"closed","sticky":false,"template":"","format":"standard","meta":{"footnotes":""},"categories":[5],"tags":[],"class_list":["post-2376","post","type-post","status-publish","format-standard","has-post-thumbnail","hentry","category-noticias"],"_links":{"self":[{"href":"https:\/\/consuladobarcelona.gob.ve\/webalterna\/wp-json\/wp\/v2\/posts\/2376","targetHints":{"allow":["GET"]}}],"collection":[{"href":"https:\/\/consuladobarcelona.gob.ve\/webalterna\/wp-json\/wp\/v2\/posts"}],"about":[{"href":"https:\/\/consuladobarcelona.gob.ve\/webalterna\/wp-json\/wp\/v2\/types\/post"}],"author":[{"embeddable":true,"href":"https:\/\/consuladobarcelona.gob.ve\/webalterna\/wp-json\/wp\/v2\/users\/3"}],"replies":[{"embeddable":true,"href":"https:\/\/consuladobarcelona.gob.ve\/webalterna\/wp-json\/wp\/v2\/comments?post=2376"}],"version-history":[{"count":1,"href":"https:\/\/consuladobarcelona.gob.ve\/webalterna\/wp-json\/wp\/v2\/posts\/2376\/revisions"}],"predecessor-version":[{"id":2378,"href":"https:\/\/consuladobarcelona.gob.ve\/webalterna\/wp-json\/wp\/v2\/posts\/2376\/revisions\/2378"}],"wp:featuredmedia":[{"embeddable":true,"href":"https:\/\/consuladobarcelona.gob.ve\/webalterna\/wp-json\/wp\/v2\/media\/2377"}],"wp:attachment":[{"href":"https:\/\/consuladobarcelona.gob.ve\/webalterna\/wp-json\/wp\/v2\/media?parent=2376"}],"wp:term":[{"taxonomy":"category","embeddable":true,"href":"https:\/\/consuladobarcelona.gob.ve\/webalterna\/wp-json\/wp\/v2\/categories?post=2376"},{"taxonomy":"post_tag","embeddable":true,"href":"https:\/\/consuladobarcelona.gob.ve\/webalterna\/wp-json\/wp\/v2\/tags?post=2376"}],"curies":[{"name":"wp","href":"https:\/\/api.w.org\/{rel}","templated":true}]}}