{"id":2372,"date":"2020-03-26T10:51:36","date_gmt":"2020-03-26T09:51:36","guid":{"rendered":"http:\/\/consuladobarcelona.gob.ve\/webalterna\/?p=2372"},"modified":"2020-03-26T10:51:36","modified_gmt":"2020-03-26T09:51:36","slug":"coronavirus-con-106-casos-venezuela-trabaja-casa-por-casa-para-evitar-nuevos-contagios-y-pide-liberacion-de-recursos-bloqueados-en-el-exterior","status":"publish","type":"post","link":"https:\/\/consuladobarcelona.gob.ve\/webalterna\/coronavirus-con-106-casos-venezuela-trabaja-casa-por-casa-para-evitar-nuevos-contagios-y-pide-liberacion-de-recursos-bloqueados-en-el-exterior\/","title":{"rendered":"CORONAVIRUS &#8211; Con 106 casos, Venezuela trabaja casa por casa para evitar nuevos contagios y pide liberaci\u00f3n de recursos bloqueados en el exterior"},"content":{"rendered":"<p>&nbsp;<\/p>\n<p>La vicepresidenta de Venezuela, Delcy Rodr\u00edguez, inform\u00f3 este mi\u00e9rcoles que se detectaron 15 nuevos casos de coronavirus en el pa\u00eds, lo que eleva la cifra de contagios a 106.<\/p>\n<p>\u00abAdem\u00e1s, en este momento\u00a0estamos realizando <strong>1.830 nuevas pruebas\u00a0en el mecanismo de despistaje<\/strong> ampliado y personalizado\u00bb, informo Rodr\u00edguez tras sostener una reuni\u00f3n con representantes de las Naciones Unidas (ONU) en el Palacio de Miraflores.<\/p>\n<p>De acuerdo con la vicepresidenta, estas\u00a0nuevas pruebas se aplican a personas que manifestaron\u00a0a trav\u00e9s de la encuesta online habilitada por el gobierno venezolano \u00abtener s\u00edntomas virales diversos o haber viajado al exterior recientemente\u00bb.<\/p>\n<p>Por otra parte, la vicepresidenta inform\u00f3 que\u00a0Venezuela ser\u00e1 beneficiada con recursos\u00a0provenientes de la Organizaci\u00f3n Mundial de la Salud (OMS)\u00a0para proveerse de trajes especiales, mascarillas y kits sanitarios.<\/p>\n<p>\u00abLa <strong>OMS\u00a0aprob\u00f3 2.000 millones de d\u00f3lares<\/strong> para apoyar a un grupo de pa\u00edses que requieren una atenci\u00f3n especial para hacer frente a esta pandemia. Venezuela est\u00e1 dentro de este grupo\u00bb, afirm\u00f3.<\/p>\n<p>Asimismo, anunci\u00f3 que este jueves\u00a0llegar\u00e1 al pa\u00eds suramericano otro avi\u00f3n con <strong>ayuda humanitaria\u00a0desde China<\/strong>. \u00abEn 2 o 3 d\u00edas llegar\u00e1 otro\u00a0env\u00edo de\u00a0insumos y test para pasar a la pr\u00f3xima etapa de detecci\u00f3n masiva en l\u00ednea, con las recomendaciones que la\u00a0OMS\u00bb, puntualiz\u00f3.<\/p>\n<p>La vicepresidenta agreg\u00f3 que se han enviado\u00a0<strong>comunicaciones oficiales a los gobiernos\u00a0de los 12 pa\u00edses donde se encuentran recursos financieros venezolanos bloqueados, \u00abpara que \u00e9stos sean liberados<\/strong> y hacer frente a las situaciones derivadas de esta pandemia mundial\u00bb.<\/p>\n<p>El Ejecutivo venezolano ha denunciado que las sanciones de EE.UU. sobre la naci\u00f3n han causado p\u00e9rdidas por el orden de los 40.000 millones de d\u00f3lares.<\/p>\n<div class=\"EmbedBlock-root EmbedBlock-twitter\">\n<div class=\"TwitterEmbed\">\n<div class=\"SandboxRoot env-bp-350\" data-twitter-event-id=\"0\">\n<div id=\"twitter-widget-0\" class=\"EmbeddedTweet EmbeddedTweet--cta js-clickToOpenTarget\" lang=\"es\" data-click-to-open-target=\"https:\/\/twitter.com\/PresidencialVen\/status\/1242962034918141954\" data-iframe-title=\"Tweet de Twitter\" data-scribe=\"page:tweet\" data-twitter-event-id=\"2\">\n<div class=\"EmbeddedTweet-tweetContainer\">\n<div class=\"EmbeddedTweet-tweet\">\n<blockquote class=\"Tweet h-entry js-tweetIdInfo subject expanded\" cite=\"https:\/\/twitter.com\/PresidencialVen\/status\/1242962034918141954\" data-tweet-id=\"1242962034918141954\" data-scribe=\"section:subject\">\n<div class=\"Tweet-header\"><\/div>\n<\/blockquote>\n<\/div>\n<\/div>\n<\/div>\n<\/div>\n<\/div>\n<\/div>\n","protected":false},"excerpt":{"rendered":"<p>&nbsp; La vicepresidenta de Venezuela, Delcy Rodr\u00edguez, inform\u00f3 este mi\u00e9rcoles que se detectaron 15 nuevos casos de coronavirus en el pa\u00eds, lo que eleva la cifra de contagios a 106. \u00abAdem\u00e1s, en este momento\u00a0estamos realizando 1.830 nuevas pruebas\u00a0en el mecanismo de despistaje ampliado y personalizado\u00bb, informo Rodr\u00edguez tras sostener una reuni\u00f3n con representantes de las\u2026 <span class=\"read-more\"><a href=\"https:\/\/consuladobarcelona.gob.ve\/webalterna\/coronavirus-con-106-casos-venezuela-trabaja-casa-por-casa-para-evitar-nuevos-contagios-y-pide-liberacion-de-recursos-bloqueados-en-el-exterior\/\">Leer m\u00e1s &raquo;<\/a><\/span><\/p>\n","protected":false},"author":3,"featured_media":2374,"comment_status":"closed","ping_status":"closed","sticky":false,"template":"","format":"standard","meta":{"footnotes":""},"categories":[5],"tags":[],"class_list":["post-2372","post","type-post","status-publish","format-standard","has-post-thumbnail","hentry","category-noticias"],"_links":{"self":[{"href":"https:\/\/consuladobarcelona.gob.ve\/webalterna\/wp-json\/wp\/v2\/posts\/2372","targetHints":{"allow":["GET"]}}],"collection":[{"href":"https:\/\/consuladobarcelona.gob.ve\/webalterna\/wp-json\/wp\/v2\/posts"}],"about":[{"href":"https:\/\/consuladobarcelona.gob.ve\/webalterna\/wp-json\/wp\/v2\/types\/post"}],"author":[{"embeddable":true,"href":"https:\/\/consuladobarcelona.gob.ve\/webalterna\/wp-json\/wp\/v2\/users\/3"}],"replies":[{"embeddable":true,"href":"https:\/\/consuladobarcelona.gob.ve\/webalterna\/wp-json\/wp\/v2\/comments?post=2372"}],"version-history":[{"count":1,"href":"https:\/\/consuladobarcelona.gob.ve\/webalterna\/wp-json\/wp\/v2\/posts\/2372\/revisions"}],"predecessor-version":[{"id":2375,"href":"https:\/\/consuladobarcelona.gob.ve\/webalterna\/wp-json\/wp\/v2\/posts\/2372\/revisions\/2375"}],"wp:featuredmedia":[{"embeddable":true,"href":"https:\/\/consuladobarcelona.gob.ve\/webalterna\/wp-json\/wp\/v2\/media\/2374"}],"wp:attachment":[{"href":"https:\/\/consuladobarcelona.gob.ve\/webalterna\/wp-json\/wp\/v2\/media?parent=2372"}],"wp:term":[{"taxonomy":"category","embeddable":true,"href":"https:\/\/consuladobarcelona.gob.ve\/webalterna\/wp-json\/wp\/v2\/categories?post=2372"},{"taxonomy":"post_tag","embeddable":true,"href":"https:\/\/consuladobarcelona.gob.ve\/webalterna\/wp-json\/wp\/v2\/tags?post=2372"}],"curies":[{"name":"wp","href":"https:\/\/api.w.org\/{rel}","templated":true}]}}