{"id":2313,"date":"2020-03-17T10:51:26","date_gmt":"2020-03-17T09:51:26","guid":{"rendered":"http:\/\/consuladobarcelona.gob.ve\/webalterna\/?p=2313"},"modified":"2020-03-17T11:00:42","modified_gmt":"2020-03-17T10:00:42","slug":"venezuela-declara-cuarentena-total-en-todo-el-pais-tras-elevarse-a-33-los-casos-de-coronavirus","status":"publish","type":"post","link":"https:\/\/consuladobarcelona.gob.ve\/webalterna\/venezuela-declara-cuarentena-total-en-todo-el-pais-tras-elevarse-a-33-los-casos-de-coronavirus\/","title":{"rendered":"Venezuela declara cuarentena total en todo el pa\u00eds tras elevarse a 33 los casos de coronavirus"},"content":{"rendered":"<p>Toda Venezuela entr\u00f3 hoy en la \u00abcuarantena total\u00bb decretada este lues por el presidente Nicol\u00e1s Maduro, para frenar la expansi\u00f3n del coronavirus Covid-19. El mandatario confirm\u00f3 16 nuevos casos en el pa\u00eds, por lo que <strong>asciende a 33 el n\u00famero de personas infectadas<\/strong>. Todos los casos son importados: 28 provenientes de Europa y 5 de Colombia. \u00abSe trata de 18 mujeres y 15 hombres\u00bb, detall\u00f3 el mandatario, quien recalc\u00f3 que\u00a0en\u00a0las pr\u00f3ximas horas llegar\u00e1 a su pa\u00eds otro <strong>env\u00edo de China con equipos m\u00e9dicos y kits de pruebas<\/strong>.<\/p>\n<p>\u00abEs una medida dr\u00e1stica necesaria (&#8230;) Yo pensaba hacerlo de manera mas progresiva, avanzar sobre los estados con casos ya confirmados, pero\u00a0evaluando los modelosestad\u00edsticos,\u00a0pues hay que hacerlo\u00bb, explic\u00f3 el mandatario, al tiempo que advirti\u00f3 que Am\u00e9rica Latina no cuenta con sistemas sanitarios tan poderosos como Europa.<\/p>\n<p>Con esto \u2013 indic\u00f3 el jefe de Estado \u2013 <strong>Venezuela da un paso al frente y declara la cuarentena total<\/strong>, la cuarentena social, la cuarentena del pueblo en todos los estados del pa\u00eds y el Distrito Capital.<\/p>\n<p>\u00abSi nos descuidamos,\u00a0pudi\u00e9ramos tener una pandemia pavorosa. Por eso damos un paso al frente y declaramos la cuarentena total\u00bb, afirm\u00f3.<\/p>\n<p>El mandatario destac\u00f3 que 85 % de los habitantes de los 7 estados del pa\u00eds, declarados en cuarentena durante este lunes, \u00abacataron el llamado\u00bb y permanecieron en sus hogares.<\/p>\n<p>El presidente venezolano\u00a0tambi\u00e9n anunci\u00f3 que<strong> se logr\u00f3\u00a0una reuni\u00f3n de coordinaci\u00f3n con Colombia<\/strong>, gracias a la mediaci\u00f3n de la Organizaci\u00f3n Panamericana de Salud (OPS).<\/p>\n<p>\u00ab\u00bfViste que s\u00ed se puede Iv\u00e1n Duque? Poniendo como prioridad la salud del pueblo, hay que ceder en el orgullo, las peque\u00f1eces ideol\u00f3gicas, la diferencias miserables y\u00a0poner la vida por delante\u00bb, explic\u00f3 Maduro, quien agreg\u00f3 que le propuso al ministro de salud colombiano \u00abinstaurar la cuarentena\u00bb en su pa\u00eds.\u00a0\u00abY le hago un llamado a los Jefes de Estados del mundo para que despertemos y\u00a0tomemos medidas dr\u00e1sticas a tiempo\u00bb, dijo.<\/p>\n<p>A la par, el presidente de Venezuela enfatiz\u00f3 en la necesidad de \u00ab<strong>garantizar el funcionamiento de la econom\u00eda<\/strong>\u00bb en medio de la cuarentena social.<\/p>\n<p>\u00ab<strong>El petroleo baj\u00f3<\/strong>.\u00a0El barril venezolano est\u00e1 hoy por debajo del costo\u00a0de producci\u00f3n\u00bb, expres\u00f3 Maduro. Al respecto,\u00a0anuncio que se est\u00e1n estudiando \u00abun conjunto de <strong>beneficios sociales a trav\u00e9s del Carnet de la Patria<\/strong>\u00bb para apoyar a los trabajadores del pa\u00eds.<\/p>\n","protected":false},"excerpt":{"rendered":"<p>Toda Venezuela entr\u00f3 hoy en la \u00abcuarantena total\u00bb decretada este lues por el presidente Nicol\u00e1s Maduro, para frenar la expansi\u00f3n del coronavirus Covid-19. El mandatario confirm\u00f3 16 nuevos casos en el pa\u00eds, por lo que asciende a 33 el n\u00famero de personas infectadas. Todos los casos son importados: 28 provenientes de Europa y 5 de\u2026 <span class=\"read-more\"><a href=\"https:\/\/consuladobarcelona.gob.ve\/webalterna\/venezuela-declara-cuarentena-total-en-todo-el-pais-tras-elevarse-a-33-los-casos-de-coronavirus\/\">Leer m\u00e1s &raquo;<\/a><\/span><\/p>\n","protected":false},"author":3,"featured_media":2315,"comment_status":"closed","ping_status":"closed","sticky":false,"template":"","format":"standard","meta":{"footnotes":""},"categories":[5],"tags":[],"class_list":["post-2313","post","type-post","status-publish","format-standard","has-post-thumbnail","hentry","category-noticias"],"_links":{"self":[{"href":"https:\/\/consuladobarcelona.gob.ve\/webalterna\/wp-json\/wp\/v2\/posts\/2313","targetHints":{"allow":["GET"]}}],"collection":[{"href":"https:\/\/consuladobarcelona.gob.ve\/webalterna\/wp-json\/wp\/v2\/posts"}],"about":[{"href":"https:\/\/consuladobarcelona.gob.ve\/webalterna\/wp-json\/wp\/v2\/types\/post"}],"author":[{"embeddable":true,"href":"https:\/\/consuladobarcelona.gob.ve\/webalterna\/wp-json\/wp\/v2\/users\/3"}],"replies":[{"embeddable":true,"href":"https:\/\/consuladobarcelona.gob.ve\/webalterna\/wp-json\/wp\/v2\/comments?post=2313"}],"version-history":[{"count":4,"href":"https:\/\/consuladobarcelona.gob.ve\/webalterna\/wp-json\/wp\/v2\/posts\/2313\/revisions"}],"predecessor-version":[{"id":2319,"href":"https:\/\/consuladobarcelona.gob.ve\/webalterna\/wp-json\/wp\/v2\/posts\/2313\/revisions\/2319"}],"wp:featuredmedia":[{"embeddable":true,"href":"https:\/\/consuladobarcelona.gob.ve\/webalterna\/wp-json\/wp\/v2\/media\/2315"}],"wp:attachment":[{"href":"https:\/\/consuladobarcelona.gob.ve\/webalterna\/wp-json\/wp\/v2\/media?parent=2313"}],"wp:term":[{"taxonomy":"category","embeddable":true,"href":"https:\/\/consuladobarcelona.gob.ve\/webalterna\/wp-json\/wp\/v2\/categories?post=2313"},{"taxonomy":"post_tag","embeddable":true,"href":"https:\/\/consuladobarcelona.gob.ve\/webalterna\/wp-json\/wp\/v2\/tags?post=2313"}],"curies":[{"name":"wp","href":"https:\/\/api.w.org\/{rel}","templated":true}]}}