{"id":1880,"date":"2019-09-05T10:24:04","date_gmt":"2019-09-05T09:24:04","guid":{"rendered":"http:\/\/consuladobarcelona.gob.ve\/webalterna\/?p=1880"},"modified":"2019-09-05T10:24:04","modified_gmt":"2019-09-05T09:24:04","slug":"pdte-maduro-anuncio-despliegue-de-sistema-de-defensa-antiaereo-en-frontera-con-colombia","status":"publish","type":"post","link":"https:\/\/consuladobarcelona.gob.ve\/webalterna\/pdte-maduro-anuncio-despliegue-de-sistema-de-defensa-antiaereo-en-frontera-con-colombia\/","title":{"rendered":"Pdte. Maduro anunci\u00f3 despliegue de sistema de defensa antia\u00e9reo en frontera con Colombia"},"content":{"rendered":"<div class=\"b-article__lead\">\n<p>El presidente Nicol\u00e1s Maduro anunci\u00f3 que se desplegar\u00e1 el sistema de defensa antia\u00e9reo en la frontera venezolana con Colombia, tras activar la alerta naranja en esa zona ante presuntas amenazas de acciones de bandera falsa contra su naci\u00f3n desde ese pa\u00eds.<\/p>\n<\/div>\n<div class=\"b-article__text\">\n<p>\u00abDecret\u00e9 el alerta naranja a todas las tropas de la Fuerza Armada Nacional Bolivariana a lo largo y ancho de la frontera con Colombia para proteger la soberan\u00eda en la tierra venezolana y ya las tropas est\u00e1n desplegadas y ahora vamos a desplegar el sistema misil\u00edstico de defensa antia\u00e9rea de defensa terrestre blindada\u00bb, indic\u00f3 durante un acto en el estado Miranda (norte).<\/p>\n<p>Maduro orden\u00f3 la realizaci\u00f3n de ejercicios militares en toda la frontera occidental de Venezuela que abarca los estados Zulia (noroeste), T\u00e1chira (oeste) y Amazonas (sur), desde el 10 al 18 de septiembre. El Jefe de Estado manifest\u00f3 que servir\u00e1 \u00abpara poner a tono todo el sistema de armas, todo el despliegue operacional, todo el sistema de armas, la moral y la actividad militar necesaria para que Venezuela preserve su paz y su tranquilidad\u00bb.Maduro reiter\u00f3 este mi\u00e9rcoles que Duque busca agredir su pa\u00eds con los llamados falsos positivos para justificar una intervenci\u00f3n.<\/p>\n<p class=\"marker-quote1\">\u00abEl presidente Iv\u00e1n Duque tiene un plan de provocaci\u00f3n un falso positivo para el mes de septiembre, el pretende montar un falso positivo agredir a territorio venezolano para ir al Consejo de Seguridad de Naciones Unidos y armar un show pol\u00edtico barato a costa de un conflicto armado\u00bb, expres\u00f3.<\/p>\n<p class=\"marker-quote1\">A su juicio, Duque \u00abha llevado a Colombia nuevamente a una situaci\u00f3n de guerra\u00bb debido al rearme de un grupo de disidentes de la guerrilla Farc, encabezados por el que fuera el n\u00famero dos de esa organizaci\u00f3n, Luciano Mar\u00edn Arango, alias Iv\u00e1n M\u00e1rquez.<\/p>\n<p>El Gobierno venezolano hab\u00eda ejecutado ejercicios militares desde el pasado 24 julio hasta el 30 de agosto, que ten\u00edan como objetivo \u00ab<em>elevar el apresto operacional de los componentes militares y hacer frente a los delitos transfronterizos<\/em>\u00ab.<\/p>\n<\/div>\n","protected":false},"excerpt":{"rendered":"<p>El presidente Nicol\u00e1s Maduro anunci\u00f3 que se desplegar\u00e1 el sistema de defensa antia\u00e9reo en la frontera venezolana con Colombia, tras activar la alerta naranja en esa zona ante presuntas amenazas de acciones de bandera falsa contra su naci\u00f3n desde ese pa\u00eds. \u00abDecret\u00e9 el alerta naranja a todas las tropas de la Fuerza Armada Nacional Bolivariana\u2026 <span class=\"read-more\"><a href=\"https:\/\/consuladobarcelona.gob.ve\/webalterna\/pdte-maduro-anuncio-despliegue-de-sistema-de-defensa-antiaereo-en-frontera-con-colombia\/\">Leer m\u00e1s &raquo;<\/a><\/span><\/p>\n","protected":false},"author":3,"featured_media":1881,"comment_status":"closed","ping_status":"closed","sticky":false,"template":"","format":"standard","meta":{"footnotes":""},"categories":[5],"tags":[],"class_list":["post-1880","post","type-post","status-publish","format-standard","has-post-thumbnail","hentry","category-noticias"],"_links":{"self":[{"href":"https:\/\/consuladobarcelona.gob.ve\/webalterna\/wp-json\/wp\/v2\/posts\/1880","targetHints":{"allow":["GET"]}}],"collection":[{"href":"https:\/\/consuladobarcelona.gob.ve\/webalterna\/wp-json\/wp\/v2\/posts"}],"about":[{"href":"https:\/\/consuladobarcelona.gob.ve\/webalterna\/wp-json\/wp\/v2\/types\/post"}],"author":[{"embeddable":true,"href":"https:\/\/consuladobarcelona.gob.ve\/webalterna\/wp-json\/wp\/v2\/users\/3"}],"replies":[{"embeddable":true,"href":"https:\/\/consuladobarcelona.gob.ve\/webalterna\/wp-json\/wp\/v2\/comments?post=1880"}],"version-history":[{"count":1,"href":"https:\/\/consuladobarcelona.gob.ve\/webalterna\/wp-json\/wp\/v2\/posts\/1880\/revisions"}],"predecessor-version":[{"id":1882,"href":"https:\/\/consuladobarcelona.gob.ve\/webalterna\/wp-json\/wp\/v2\/posts\/1880\/revisions\/1882"}],"wp:featuredmedia":[{"embeddable":true,"href":"https:\/\/consuladobarcelona.gob.ve\/webalterna\/wp-json\/wp\/v2\/media\/1881"}],"wp:attachment":[{"href":"https:\/\/consuladobarcelona.gob.ve\/webalterna\/wp-json\/wp\/v2\/media?parent=1880"}],"wp:term":[{"taxonomy":"category","embeddable":true,"href":"https:\/\/consuladobarcelona.gob.ve\/webalterna\/wp-json\/wp\/v2\/categories?post=1880"},{"taxonomy":"post_tag","embeddable":true,"href":"https:\/\/consuladobarcelona.gob.ve\/webalterna\/wp-json\/wp\/v2\/tags?post=1880"}],"curies":[{"name":"wp","href":"https:\/\/api.w.org\/{rel}","templated":true}]}}