{"id":13022,"date":"2026-04-24T12:01:16","date_gmt":"2026-04-24T11:01:16","guid":{"rendered":"https:\/\/consuladobarcelona.gob.ve\/webalterna\/?p=13022"},"modified":"2026-04-24T15:17:55","modified_gmt":"2026-04-24T14:17:55","slug":"consul-general-carlos-azpurua-participa-en-la-celebracion-de-sant-jordi-en-el-palau-de-la-generalitat","status":"publish","type":"post","link":"https:\/\/consuladobarcelona.gob.ve\/webalterna\/consul-general-carlos-azpurua-participa-en-la-celebracion-de-sant-jordi-en-el-palau-de-la-generalitat\/","title":{"rendered":"C\u00f3nsul General Carlos Azpur\u00faa participa en la celebraci\u00f3n de Sant Jordi en el Palau de la Generalitat"},"content":{"rendered":"<p align=\"justify\">El C\u00f3nsul General de Venezuela en Barcelona,<strong> Carlos Azpur\u00faa<\/strong>, ha participado este jueves 23 de abril en la tradicional recepci\u00f3n con motivo de la festividad de <strong>Sant Jordi<\/strong>, celebrada en el Palau de la Generalitat de Catalunya, tras haber sido cordialmente invitado por la instituci\u00f3n organizadora.<\/p>\n<p align=\"justify\">El acto ha contado con la presencia del <strong>President de la Generalitat, Salvador Illa<\/strong>, as\u00ed como del cuerpo diplom\u00e1tico acreditado en la capital catalana, en un encuentro que ha reunido a representantes consulares de distintos pa\u00edses en el marco de una de las celebraciones culturales m\u00e1s emblem\u00e1ticas de Catalu\u00f1a.<\/p>\n<p align=\"justify\">Durante la recepci\u00f3n, se ha destacado el car\u00e1cter abierto y representativo del evento, concebido como un espacio de convivencia institucional y di\u00e1logo cultural. La participaci\u00f3n del C\u00f3nsul General, Carlos Azpur\u00faa, ha puesto de relieve el clima de<strong> cordialidad y cooperaci\u00f3n<\/strong> que preside las relaciones entre el cuerpo consular y las instituciones catalanas.<\/p>\n<p align=\"justify\">Uno de los momentos m\u00e1s significativos de la jornada ha sido la <strong>recuperaci\u00f3n del tradicional servicio de chocolate con melindros<\/strong> en el Pati dels Tarongers, una costumbre que no se ofrec\u00eda en este espacio institucional desde el a\u00f1o 2004. El retorno de esta tradici\u00f3n ha sido especialmente bien recibido por los asistentes, al evocar elementos gastron\u00f3micos vinculados a la memoria hist\u00f3rica del palacio.<\/p>\n<p align=\"justify\">La celebraci\u00f3n de Sant Jordi, conocida internacionalmente como una jornada dedicada a los libros y las rosas, combina la tradici\u00f3n cultural con la leyenda del caballero, la princesa y el drag\u00f3n. Seg\u00fan esta tradici\u00f3n popular, el caballero Sant Jordi derrot\u00f3 a un drag\u00f3n que aterrorizaba a un pueblo, y de la sangre de la bestia brot\u00f3 un rosal de rosas rojas, origen simb\u00f3lico del intercambio de flores. Con el tiempo, la festividad se ha consolidado tambi\u00e9n como el gran d\u00eda del libro en Catalu\u00f1a, en homenaje a la literatura y a la coincidencia con la fecha de fallecimiento de autores como Miguel de Cervantes y William Shakespeare, lo que explica la fuerte presencia de librer\u00edas, puestos callejeros y autores en toda la ciudad cada 23 de abril.<\/p>\n<p align=\"justify\">La jornada se ha desarrollado en un ambiente de gran cordialidad, subrayando la dimensi\u00f3n internacional de Sant Jordi y su capacidad para reunir a instituciones, diplomacia y sociedad en torno a una de las expresiones culturales m\u00e1s reconocidas de Catalu\u00f1a.<\/p>\n<p align=\"justify\">\n","protected":false},"excerpt":{"rendered":"<p>El C\u00f3nsul General de Venezuela en Barcelona, Carlos Azpur\u00faa, ha participado este jueves 23 de abril en la tradicional recepci\u00f3n con motivo de la festividad de Sant Jordi, celebrada en el Palau de la Generalitat de Catalunya, tras haber sido cordialmente invitado por la instituci\u00f3n organizadora. El acto ha contado con la presencia del President\u2026 <span class=\"read-more\"><a href=\"https:\/\/consuladobarcelona.gob.ve\/webalterna\/consul-general-carlos-azpurua-participa-en-la-celebracion-de-sant-jordi-en-el-palau-de-la-generalitat\/\">Leer m\u00e1s &raquo;<\/a><\/span><\/p>\n","protected":false},"author":3,"featured_media":13026,"comment_status":"closed","ping_status":"closed","sticky":false,"template":"","format":"standard","meta":{"footnotes":""},"categories":[5],"tags":[],"class_list":["post-13022","post","type-post","status-publish","format-standard","has-post-thumbnail","hentry","category-noticias"],"_links":{"self":[{"href":"https:\/\/consuladobarcelona.gob.ve\/webalterna\/wp-json\/wp\/v2\/posts\/13022","targetHints":{"allow":["GET"]}}],"collection":[{"href":"https:\/\/consuladobarcelona.gob.ve\/webalterna\/wp-json\/wp\/v2\/posts"}],"about":[{"href":"https:\/\/consuladobarcelona.gob.ve\/webalterna\/wp-json\/wp\/v2\/types\/post"}],"author":[{"embeddable":true,"href":"https:\/\/consuladobarcelona.gob.ve\/webalterna\/wp-json\/wp\/v2\/users\/3"}],"replies":[{"embeddable":true,"href":"https:\/\/consuladobarcelona.gob.ve\/webalterna\/wp-json\/wp\/v2\/comments?post=13022"}],"version-history":[{"count":2,"href":"https:\/\/consuladobarcelona.gob.ve\/webalterna\/wp-json\/wp\/v2\/posts\/13022\/revisions"}],"predecessor-version":[{"id":13025,"href":"https:\/\/consuladobarcelona.gob.ve\/webalterna\/wp-json\/wp\/v2\/posts\/13022\/revisions\/13025"}],"wp:featuredmedia":[{"embeddable":true,"href":"https:\/\/consuladobarcelona.gob.ve\/webalterna\/wp-json\/wp\/v2\/media\/13026"}],"wp:attachment":[{"href":"https:\/\/consuladobarcelona.gob.ve\/webalterna\/wp-json\/wp\/v2\/media?parent=13022"}],"wp:term":[{"taxonomy":"category","embeddable":true,"href":"https:\/\/consuladobarcelona.gob.ve\/webalterna\/wp-json\/wp\/v2\/categories?post=13022"},{"taxonomy":"post_tag","embeddable":true,"href":"https:\/\/consuladobarcelona.gob.ve\/webalterna\/wp-json\/wp\/v2\/tags?post=13022"}],"curies":[{"name":"wp","href":"https:\/\/api.w.org\/{rel}","templated":true}]}}