{"id":13015,"date":"2026-04-24T11:26:53","date_gmt":"2026-04-24T10:26:53","guid":{"rendered":"https:\/\/consuladobarcelona.gob.ve\/webalterna\/?p=13015"},"modified":"2026-04-24T15:58:50","modified_gmt":"2026-04-24T14:58:50","slug":"la-venezuela-azul-consolida-su-proyeccion-internacional-en-la-seafood-expo-global-2026-de-barcelona","status":"publish","type":"post","link":"https:\/\/consuladobarcelona.gob.ve\/webalterna\/la-venezuela-azul-consolida-su-proyeccion-internacional-en-la-seafood-expo-global-2026-de-barcelona\/","title":{"rendered":"La Venezuela Azul consolida su proyecci\u00f3n internacional  en la Seafood Expo Global 2026 de Barcelona"},"content":{"rendered":"<p align=\"justify\">Venezuela cerr\u00f3 con fuerza su participaci\u00f3n en la <strong>Seafood Expo Global 2026<\/strong> de Barcelona, el mayor mercado mundial de productos del mar, reafirmando que el pa\u00eds avanza hacia un modelo productivo soberano y diversificado, apostando por su gente, sus recursos y su capacidad de transformar los desaf\u00edos en oportunidades.<\/p>\n<p align=\"justify\">&#8211; <i>Despu\u00e9s de estar en China, Turqu\u00eda, Rusia y Cuba, llegamos a Espa\u00f1a con el objetivo de consolidar nuestra presencia en mercados que ya est\u00e1n cautivos e incursionar en mercados que se han venido abriendo, como es el caso de las macroalgas o de las sardinas, incorporando especies que hasta ahora no han tenido la suficiente valoraci\u00f3n comercial<\/i> \u2013 nos explic\u00f3 el <strong>viceministro de Procesamiento y Distribuci\u00f3n Pesquera y Acu\u00edcola, Jos\u00e9 Gregorio Brice\u00f1o<\/strong>.<\/p>\n<p align=\"justify\"><span style=\"color: #000000;\">A la cabeza de una<strong> delegaci\u00f3n de alto nivel de 23 empresas &#8211; 21 privadas y dos p\u00fablicas<\/strong> -, Brice\u00f1o asegur\u00f3 que el sector pesquero ha sido asumido como un eje clave dentro de la estrategia econ\u00f3mica venezolana, por su capacidad de garantizar soberan\u00eda alimentaria, generar divisas y acelerar la diversificaci\u00f3n productiva del pa\u00eds. Y l<\/span><span style=\"color: #000000;\">os resultados respaldan esa apuesta. Solo a Europa llegaro<\/span><span style=\"color: #000000;\">n el a\u00f1o pasado m\u00e1s de <\/span><span style=\"color: #000000;\">40 mil toneladas<\/span><span style=\"color: #000000;\"> de productos del mar, consolidando a Espa\u00f1a, junto con Pa\u00edses Bajos, como principal puerta de entrada al mercado europeo. En lo que va de a\u00f1o, el sector ha crecido un <\/span><span style=\"color: #000000;\">23 %<\/span><span style=\"color: #000000;\">, mientras que <strong>la exportaci\u00f3n ha aumentado un <\/strong><\/span><strong><span style=\"color: #000000;\">225 %<\/span><\/strong><span style=\"color: #000000;\"><strong>,<\/strong> alcanzando m\u00e1s de <\/span><span style=\"color: #000000;\"><strong>60 destinos<\/strong> en todo el mundo<\/span><span style=\"color: #000000;\">.<\/span><\/p>\n<p align=\"justify\"><span style=\"color: #000000;\">&#8211; <\/span><i>Venezuela tiene ventajas competitivas por su posici\u00f3n geogr\u00e1fica y su biodiversidad, pero esas cifras reflejan tambi\u00e9n el impacto de pol\u00edticas p\u00fablicas orientadas a reactivar la producci\u00f3n nacional, fortalecer la capacidad industrial instalada y garantizar el aprovechamiento sostenible de nuestros recursos<\/i> \u2013 indic\u00f3 el viceministro.<\/p>\n<p align=\"justify\"><span style=\"color: #000000;\">Venezuela present\u00f3 en la feria un portafolio enfocado en la sostenibilidad y la calidad premium, con m\u00e1s de <strong>23 productos del mar<\/strong>, entre los que destacaron el camar\u00f3n, el at\u00fan, el pulpo, la langosta, el tahal\u00ed, el pargo y el cangrejo azul. La delegaci\u00f3n puso en valor la calidad de sus productos, los modernos procesos de congelaci\u00f3n y empaquetado, as\u00ed como el cumplimiento de los m\u00e1s <strong>altos est\u00e1ndares de seguridad alimentaria y sostenibilidad<\/strong> exigidos por la Uni\u00f3n Europea y otros mercados de alta demanda, proyectando una imagen asociada a la excelencia, la sostenibilidad y la capacidad productiva.<\/span><\/p>\n<p align=\"justify\"><span style=\"color: #000000;\">&#8211; <\/span><i>Estamos<strong> muy contentos con la iniciativa del Gobierno bolivariano<\/strong> de participar en esta feria, fundamental para fortalecer las relaciones comerciales con Europa, adquirir nuevos clientes, nuevas maquinarias, establecer v\u00ednculos con proveedores de material de empaque y seguir creciendo<\/i> \u2013 explic\u00f3 Adriana Morales, representante de la empresa privada Agrolago de Occidente, uno de los principales exportadores de camar\u00f3n venezolano, del cual Europa es el mayor receptor.<\/p>\n<p align=\"justify\">&#8211;<i> Hemos tenido varios encuentros fruct\u00edferos en esta feria; nosotros, <strong>como empresa privada, apoyamos esta iniciativa del Gobierno<\/strong><\/i> \u2013 se\u00f1al\u00f3, por su parte, Luis Daniel Mart\u00ednez, de Atlantic Seafood, empresa exportadora de pulpo, pargo, langosta y subproductos del mar.<\/p>\n<p align=\"justify\"><span style=\"color: #000000;\">El <strong>presidente de Insopesca, Jorge Taj\u00e1n<\/strong>, destac\u00f3 la capacidad del sector de crecer pese a las dificultades impuestas por las medidas coercitivas unilaterales contra Venezuela, mostr\u00e1ndose optimista hacia el futuro.<\/span><\/p>\n<p align=\"justify\"><span style=\"color: #000000;\">&#8211; <\/span><i>Ese alivio de las sanciones logrado por el Gobierno bolivariano permiti\u00f3 una frecuencia m\u00e1s regular de las l\u00edneas navieras, lo que facilita una mayor planificaci\u00f3n de los procesos de exportaci\u00f3n y una reducci\u00f3n de los precios. Vamos a abrirnos a\u00fan m\u00e1s, lo que significa consolidarnos econ\u00f3micamente, pero tambi\u00e9n reforzar lazos pol\u00edticos y culturales con el mundo. Esto, una vez satisfechas nuestras necesidades de abastecimiento interno, que es lo m\u00e1s importante<\/i>.<\/p>\n<p align=\"justify\"><span style=\"color: #000000;\">Taj\u00e1n tambi\u00e9n se dirigi\u00f3 a inversionistas y posibles nuevos socios comerciales de Venezuela:<\/span><\/p>\n<p align=\"justify\"><span style=\"color: #000000;\"><i>&#8211; <\/i><\/span><i>Venezuela est\u00e1 abierta a recibir todo tipo de inversi\u00f3n.<strong> Somos un pa\u00eds que ofrece todas las garant\u00edas a los inversionistas<\/strong>, para lograr relaciones de t\u00fa a t\u00fa, donde nos tratemos con responsabilidad pero sobre todo con <strong>respeto<\/strong>, que es lo que siempre hemos buscado<\/i>.<\/p>\n<p align=\"justify\">La participaci\u00f3n de Venezuela en la Seafood Expo Global 2026 fue una demostraci\u00f3n concreta de que el pa\u00eds est\u00e1 decidido a ocupar un lugar protag\u00f3nico en el mercado internacional, con una oferta exportable s\u00f3lida, sustentable y de alta calidad.<\/p>\n<p align=\"justify\">\n<p><iframe loading=\"lazy\" width=\"560\" height=\"315\" src=\"https:\/\/www.youtube.com\/embed\/UkyzzMeMVX4?si=wwAaBX3ftLHbbQ4P\" title=\"YouTube video player\" frameborder=\"0\" allow=\"accelerometer; autoplay; clipboard-write; encrypted-media; gyroscope; picture-in-picture; web-share\" referrerpolicy=\"strict-origin-when-cross-origin\" allowfullscreen><\/iframe><\/p>\n","protected":false},"excerpt":{"rendered":"<p>Venezuela cerr\u00f3 con fuerza su participaci\u00f3n en la Seafood Expo Global 2026 de Barcelona, el mayor mercado mundial de productos del mar, reafirmando que el pa\u00eds avanza hacia un modelo productivo soberano y diversificado, apostando por su gente, sus recursos y su capacidad de transformar los desaf\u00edos en oportunidades. &#8211; Despu\u00e9s de estar en China,\u2026 <span class=\"read-more\"><a href=\"https:\/\/consuladobarcelona.gob.ve\/webalterna\/la-venezuela-azul-consolida-su-proyeccion-internacional-en-la-seafood-expo-global-2026-de-barcelona\/\">Leer m\u00e1s &raquo;<\/a><\/span><\/p>\n","protected":false},"author":3,"featured_media":13019,"comment_status":"closed","ping_status":"closed","sticky":false,"template":"","format":"standard","meta":{"footnotes":""},"categories":[5],"tags":[],"class_list":["post-13015","post","type-post","status-publish","format-standard","has-post-thumbnail","hentry","category-noticias"],"_links":{"self":[{"href":"https:\/\/consuladobarcelona.gob.ve\/webalterna\/wp-json\/wp\/v2\/posts\/13015","targetHints":{"allow":["GET"]}}],"collection":[{"href":"https:\/\/consuladobarcelona.gob.ve\/webalterna\/wp-json\/wp\/v2\/posts"}],"about":[{"href":"https:\/\/consuladobarcelona.gob.ve\/webalterna\/wp-json\/wp\/v2\/types\/post"}],"author":[{"embeddable":true,"href":"https:\/\/consuladobarcelona.gob.ve\/webalterna\/wp-json\/wp\/v2\/users\/3"}],"replies":[{"embeddable":true,"href":"https:\/\/consuladobarcelona.gob.ve\/webalterna\/wp-json\/wp\/v2\/comments?post=13015"}],"version-history":[{"count":5,"href":"https:\/\/consuladobarcelona.gob.ve\/webalterna\/wp-json\/wp\/v2\/posts\/13015\/revisions"}],"predecessor-version":[{"id":13027,"href":"https:\/\/consuladobarcelona.gob.ve\/webalterna\/wp-json\/wp\/v2\/posts\/13015\/revisions\/13027"}],"wp:featuredmedia":[{"embeddable":true,"href":"https:\/\/consuladobarcelona.gob.ve\/webalterna\/wp-json\/wp\/v2\/media\/13019"}],"wp:attachment":[{"href":"https:\/\/consuladobarcelona.gob.ve\/webalterna\/wp-json\/wp\/v2\/media?parent=13015"}],"wp:term":[{"taxonomy":"category","embeddable":true,"href":"https:\/\/consuladobarcelona.gob.ve\/webalterna\/wp-json\/wp\/v2\/categories?post=13015"},{"taxonomy":"post_tag","embeddable":true,"href":"https:\/\/consuladobarcelona.gob.ve\/webalterna\/wp-json\/wp\/v2\/tags?post=13015"}],"curies":[{"name":"wp","href":"https:\/\/api.w.org\/{rel}","templated":true}]}}