{"id":13004,"date":"2026-04-22T10:12:27","date_gmt":"2026-04-22T09:12:27","guid":{"rendered":"https:\/\/consuladobarcelona.gob.ve\/webalterna\/?p=13004"},"modified":"2026-04-22T11:01:31","modified_gmt":"2026-04-22T10:01:31","slug":"entrevista-a-mercedes-chacin-venezuela-y-la-batalla-por-la-verdad","status":"publish","type":"post","link":"https:\/\/consuladobarcelona.gob.ve\/webalterna\/entrevista-a-mercedes-chacin-venezuela-y-la-batalla-por-la-verdad\/","title":{"rendered":"Entrevista a la periodista Mercedes Chac\u00edn:  Venezuela y la batalla por la verdad"},"content":{"rendered":"<p align=\"justify\">Conversamos con la periodista venezolana <strong>Mercedes Chac\u00edn<\/strong>, directora del diario digital \u201c<strong>Ciudad CCS<\/strong>\u201d\u00a0 y ponente en la conferencia \u201c<b>Contra la neutralidad. La lucha por el relato en Venezuela hoy<\/b>\u201d, celebrada el pasado 17 de abril en Barcelona, en el marco del ciclo de encuentros sobre Venezuela \u201cTejidos de solidaridad\u201d, organizado por el Consulado General de Venezuela en Barcelona y la Asamblea Bolivariana de Catalu\u00f1a. Chac\u00edn fue viceministra de Comunicaci\u00f3n de la Canciller\u00eda venezolana.<\/p>\n<p align=\"justify\"><strong>Gracias por atendernos, Mercedes. Partiendo del propio t\u00edtulo de la conferencia en la que has participado, \u201c<em>Contra la neutralidad. La lucha por el relato en Venezuela hoy\u201d<\/em>, \u00bfcrees que <\/strong><strong>existe la neutralidad en la comunicaci\u00f3n o es, como sugiere esta idea, una ilusi\u00f3n?\u201d<\/strong><\/p>\n<p align=\"justify\">Yo creo que la neutralidad no existe porque somos seres humanos, producto de nuestras circunstancias, de nuestros estudios, de nuestra vida, y de ah\u00ed nuestra subjetividad. Lo que se puede tratar es de ser imparciales, mostrar las distintas versiones y no casarse con ninguna postura, y hasta eso cuesta. Y, hablando de \u00e9tica, cuando decides ser periodista tambi\u00e9n te mueven cosas como ser humano, y a veces no es que no puedes ser neutral, es que <i>no<\/i> <i>debes<\/i> ser neutral. En una situaci\u00f3n como la que hay ahora en el mundo, uno no puede ser neutral ni tratar de entender lo que est\u00e1 pasando desde una postura esc\u00e9ptica: cuando en el tablero est\u00e1n la paz y la guerra, tienes que estar a favor de la paz, y \u00e9sta tambi\u00e9n es una postura que no es neutral.<\/p>\n<p align=\"justify\"><strong>Si los medios de comunicaci\u00f3n no son neutrales, \u00bfc\u00f3mo puede el ciudadano confiar en cualquier relato, incluido el suyo? Y, si responden a determinados intereses, \u00bfnos puede decir a cu\u00e1les intereses responde usted?<\/strong><\/p>\n<p align=\"justify\">No me gusta llamarlos \u201cintereses\u201d, aunque en el fondo lo sean. Prefiero hablar de formas de pensar, de ideales. Y mis ideales son los que son: es lo que yo creo, y desde ah\u00ed asumo una postura \u00e9tica. Por tanto, si me preguntas por qu\u00e9 la gente deber\u00eda creer en el peri\u00f3dico donde yo estoy, yo dir\u00eda que es porque el diario tiene una postura pol\u00edtica justa. Creemos en el Estado social de derecho, tenemos posturas \u00e9ticas muy claras y muy definidas que van en favor de la gente y no contra la gente. Es un peri\u00f3dico que tiene un compromiso \u00e9tico con el pueblo.<\/p>\n<p align=\"justify\"><strong>Cuando hablamos de \u201clucha por el relato\u201d, \u00bfde qu\u00e9 estamos hablando?, \u00bfy qui\u00e9nes est\u00e1n disputando hoy esta lucha sobre Venezuela?<\/strong><\/p>\n<p align=\"justify\">No es una lucha \u00fanicamente sobre Venezuela. Estamos en un momento de lucha entre el bien y el mal, entre la gente buena y la gente mala, entre los que quieren un pa\u00eds y un mundo justo, y los que no. Por un lado, est\u00e1 el capitalismo de Donald Trump, que en lugar de un Ministerio de Defensa tiene un Ministerio de Guerra, y trata de imponer una narrativa de guerra con la intenci\u00f3n de meter al mundo en un callej\u00f3n sin salida, donde los \u00fanicos, en teor\u00eda, que van a salir victoriosos, son ellos. Uno no puede estar de acuerdo con esta narrativa imperial. Venezuela, por otro lado, a lo largo de casi tres d\u00e9cadas de Revoluci\u00f3n e incluso tras el ataque del 3 de enero, se ha mantenido fiel a una narrativa de paz, a la diplomacia bolivariana de paz. Nuestra postura es coincidente con la de otros gobiernos y pa\u00edses, con nuestros bemoles y diferencias. Y yo creo que en ese relato de paz es donde debemos encontrarnos todos, o la mayor\u00eda. No digo con nuestros agresores en este momento, porque el bombardeo del 3 de enero fue un acto de guerra y, por tanto, son nuestros agresores, m\u00e1s all\u00e1 de la diplomacia que est\u00e1 desarrollando el gobierno bolivariano, siempre buscando con mucha responsabilidad el bienestar del pueblo. Pero la mayor\u00eda de los pueblos del mundo no quiere vivir en un mundo como el que nos est\u00e1n planteando ahora. Nadie quiere que su pa\u00eds sea destruido o que sus familiares mueran. La paz une a la mayor\u00eda de los seres humanos. Entonces, para poder salir de este atolladero que se llama Donald Trump, hay que continuar con la b\u00fasqueda de esa narrativa que nos una y, sobre todo, con la difusi\u00f3n de nuestra verdad, que es muy dif\u00edcil de difundir.<\/p>\n<p align=\"justify\"><span style=\"color: #bf0041;\"><strong><span style=\"color: #000000;\">\u00bfQu\u00e9 aspectos de la realidad venezolana crees que no se entienden fuera del pa\u00eds?<\/span><\/strong><\/span><\/p>\n<p align=\"justify\"><span style=\"color: #bf0041;\"><span style=\"color: #000000;\">Yo creo que, m\u00e1s que no entender, la gente est\u00e1 desinformada o mal informada, porque hay mucha informaci\u00f3n sobre Venezuela, pero gran parte es falsa. <\/span><span style=\"color: #000000;\">\u00a1<\/span><span style=\"color: #000000;\">En alg\u00fan momento me llegaron a hablar de cuatro o cinco mil informaciones falsas diarias sobre Venezuela! Hay una operaci\u00f3n psicol\u00f3gica, informativa y pol\u00edtica desde hace muchos a\u00f1os que est\u00e1 trabajando sobre la psiquis del venezolano para lograr que todo lo que se haga desde el gobierno sea considerado malo, equ\u00edvoco, en contra, etc\u00e9tera. No olvidemos el rol de los medios de comunicaci\u00f3n en el golpe de 2002 contra el presidente Hugo Ch\u00e1vez: <\/span><span style=\"color: #000000;\">L<\/span><span style=\"color: #000000;\">os intereses de la clase gobernante saliente no coincid\u00edan con los intereses de la Revoluci\u00f3n Bolivariana, y hubo un choque en el que medios privados desempe\u00f1aron un papel activo en la construcci\u00f3n de una narrativa adversa al gobierno, contribuyendo al proceso que deriv\u00f3 en el derrocamiento temporal del jefe de Estado. En medio de esta desinformaci\u00f3n, para informarse bien sobre Venezuela hay que hacer un trabajo.<\/span><\/span><\/p>\n<p align=\"justify\"><strong>Si tuviera que identificar tres ideas falsas sobre Venezuela que se han instalado con \u00e9xito en la opini\u00f3n p\u00fablica, \u00bfcu\u00e1les ser\u00edan?<\/strong><\/p>\n<p align=\"justify\">La mentira m\u00e1s grande es que en Venezuela hay una dictadura, que empez\u00f3 con Hugo Ch\u00e1vez y sigui\u00f3 con Nicol\u00e1s Maduro. Esta narrativa invisibiliza m\u00e1s de 30 elecciones, el refer\u00e9ndum de ratificaci\u00f3n del Presidente Ch\u00e1vez, el triunfo de la oposici\u00f3n cuando gan\u00f3 la Asamblea Nacional\u2026 y, paso seguido, desacredita cualquier cosa que haga el gobierno bolivariano, que queda autom\u00e1ticamente invalidado por la supuesta condici\u00f3n de \u201cdictadura\u201d. Y las dictaduras, cuando son de izquierda, no hacen cosas buenas. Yo creo que esa mentira ejemplifica, de alguna manera, todos los treinta a\u00f1os de mentiras a los que hemos sido sometidos. Y es una narrativa que ha calado profundamente afuera y adentro de nuestras fronteras.<\/p>\n<p align=\"justify\"><span style=\"color: #bf0041;\"><strong><span style=\"color: #000000;\">Podemos suponer que un extranjero no conoce Venezuela y que su percepci\u00f3n est\u00e1 condicionada por los medios, pero \u00bfc\u00f3mo se explica la desinformaci\u00f3n entre los propios ciudadanos venezolanos?<\/span><\/strong><\/span><\/p>\n<p align=\"justify\"><span style=\"color: #bf0041;\"><span style=\"color: #000000;\">Los que vivimos en Venezuela tambi\u00e9n consumimos basura informativa, no solamente los que est\u00e1n afuera. Lo que s\u00ed es cierto es que los de afuera se la creen m\u00e1s r\u00e1pido.<\/span><\/span><\/p>\n<p align=\"justify\"><span style=\"color: #bf0041;\"><span style=\"color: #000000;\">Los intentos de desestabilizaci\u00f3n pol\u00edtica, como \u201cLa Salida\u201d de Leopoldo L\u00f3pez y las guarimbas, la violencia, los incendios, los estudiantes que murieron en el contexto de manifestaciones\u2026 todo eso es real. Sin embargo, a partir de esos acontecimientos se fue construyendo una imagen distorsionada del pa\u00eds, como si el gobierno del <\/span><span style=\"color: #000000;\">P<\/span><span style=\"color: #000000;\">residente Maduro actuara con una represi\u00f3n indiscriminada o como si la poblaci\u00f3n viviera bajo una violencia permanente y arbitraria. <\/span><span style=\"color: #000000;\">No es que no haya problemas, pero tampoco hay que creer en el relato de que la gente se est\u00e1 cayendo en las calles o de que no puedes ir a Venezuela porque te matan en el aeropuerto. Todo ese tipo de noticias forma parte de una guerra informativa contra Venezuela y no corresponde a la realidad que vivimos.<\/span><\/span><\/p>\n<p align=\"justify\"><span style=\"color: #000000;\">Lo que s\u00ed vivimos es el bloqueo y su impacto en la econom\u00eda del pa\u00eds. Pero, curiosamente, no es el bloqueo lo que se utiliza para explicar la emigraci\u00f3n, sino la idea de que la gente huye de una dictadura. Probablemente, si le preguntas a un se\u00f1or que se est\u00e1 yendo por trocha a Per\u00fa por qu\u00e9 se va, te dir\u00e1 que no tiene una motivaci\u00f3n especialmente pol\u00edtica y que no lo persiguen \u201clos esbirros del r\u00e9gimen\u201d, sino que simplemente va a trabajar, a buscar un futuro mejor. Pero el relato que tiene que ver con la dictadura es el que ha calado m\u00e1s profundamente.<\/span><\/p>\n<p align=\"justify\"><span style=\"color: #000000;\"><strong>Si la narrativa sobre Venezuela es tan injusta, \u00bfpor qu\u00e9 cree que ha logrado imponerse con tanta fuerza?<\/strong><\/span><\/p>\n<p align=\"justify\"><span style=\"color: #000000;\">T\u00e9cnicas muy b\u00e1sicas, como la promoci\u00f3n de noticias, y otras m\u00e1s finas, como la segmentaci\u00f3n de la informaci\u00f3n en las redes sociales.<\/span><\/p>\n<p align=\"justify\"><span style=\"color: #000000;\"><strong>\u00bfDe qu\u00e9 se trata?<\/strong><\/span><\/p>\n<p align=\"justify\"><span style=\"color: #000000;\">Se trata de descontextualizar los hechos y quedarse solo con los titulares. Por ejemplo: \u201cBombardearon Venezuela\u201d. Si eso no se contextualiza, si no se explica qu\u00e9 ha pasado en estos \u00faltimos 30 a\u00f1os, uno se queda \u00fanicamente con la idea de que atacaron para \u201crescatar\u201d al pa\u00eds, para darle libertad, porque \u201cMaduro es un narcotraficante\u201d. Sin contexto, uno se lo cree y piensa: \u201cqu\u00e9 ch\u00e9veres los gringos\u201d, porque eso est\u00e1 pasando, aunque cualquier persona que vive en un pa\u00eds deber\u00eda defender su soberan\u00eda.<\/span><\/p>\n<p align=\"justify\">En cambio, si conocemos la historia de Venezuela y vemos que est\u00e1n bombardeando el pa\u00eds, sabemos que es injusto. Porque en Venezuela nadie dice que la situaci\u00f3n est\u00e9 perfecta, pero sin duda podr\u00edamos haber estado mejor si Estados Unidos hubiera permitido nuestra autodeterminaci\u00f3n. Al no permitirla, se ha generado todo esto que est\u00e1 pasando.<\/p>\n<p align=\"justify\"><strong>\u00bfC\u00f3mo puede la ciudadan\u00eda defenderse de la manipulaci\u00f3n informativa?<\/strong><\/p>\n<p align=\"justify\">Estudiando, inform\u00e1ndose. Dejando de creer lo que dicen los medios de comunicaci\u00f3n a la primera. Tienen que buscar, contrastar informaci\u00f3n, no ver solo un medio de comunicaci\u00f3n, sino varios. Saber que, mientras m\u00e1s sorprendentes sean las noticias, m\u00e1s probable es que sean mentira. No hay otra.<\/p>\n<p align=\"justify\"><strong><span style=\"color: #000000;\">\u00bfD\u00f3nde est\u00e1 el l\u00edmite entre denunciar una \u201cguerra cognitiva\u201d y desestimar cr\u00edticas leg\u00edtimas?<\/span><\/strong><\/p>\n<p align=\"justify\"><span style=\"color: #000000;\">Venezuela no est\u00e1 amordazada: hay medios p\u00fablicos y privados con versiones distintas de los hechos y muchas maneras de informarse. Cr\u00edticas tambi\u00e9n hay: la gente defiende su territorio y denuncia lo que est\u00e1 mal en su entorno a trav\u00e9s de las instituciones que tenga a su alcance. <\/span>En este sentido, la radio sigue siendo el medio de comunicaci\u00f3n m\u00e1s cercano y m\u00e1s accesible para denunciar alg\u00fan tipo de situaci\u00f3n. Se trata sobre todo de fallas en los servicios p\u00fablicos &#8211; falta de agua o luz -, producto del bloqueo en el pa\u00eds. En nuestras m\u00e1s de cuatro mil comunas tambi\u00e9n hay canales para denunciar y solventar problemas.<\/p>\n<p align=\"justify\">Luego hay medios que, a mi parecer, son especialmente nocivos, como Infobae, que permanentemente publica informaci\u00f3n falsa sobre Venezuela. Que ese tipo de contenido no se vea en Venezuela a m\u00ed me parece bien. Me pueden llamar dictadora o lo que quieran, pero si una p\u00e1gina est\u00e1 dedicada a difundir mentiras de forma constante sobre un pa\u00eds, yo tengo derecho a defenderme desde el punto de vista comunicacional, sobre todo en un contexto que entendemos como una guerra cognitiva.<\/p>\n<p><strong><span style=\"color: #000000;\">A veces el relato oficial tampoco coincide con la realidad de la gente\u2026<\/span><\/strong><\/p>\n<p>\u00a1C\u00f3mo no!.<\/p>\n<p><strong>\u00bfY es m\u00e1s importante corregir la narrativa o corregir la realidad? \u00bfSe puede ganar la batalla del relato sin resolver los problemas de la gente?<\/strong><\/p>\n<p>Primero hay que resolver los problemas. Lo que pasa con la narrativa es posterior.<\/p>\n<p align=\"justify\"><strong><span style=\"color: #000000;\">Ya casi hemos terminado. Tras el secuestro de<\/span><\/strong><strong><span style=\"color: #000000;\">l Presidente<\/span><\/strong><strong><span style=\"color: #000000;\"> Nicol\u00e1s Maduro y de su esposa, la diputada Cilia Flores, el pasado 3 de enero, hubo una reacci\u00f3n inicial muy fuerte por parte de actores pol\u00edticos, Fuerzas Armadas y aliados internacionales, etc. Pero con el paso del tiempo, algunos han notado que el foco pol\u00edtico se desplaz\u00f3 hacia la reconfiguraci\u00f3n interna del poder y el relanzamiento de la econom\u00eda, con Delcy Rodr\u00edguez al frente. \u00bfSe desinfl\u00f3 el tema o hay una estrategia detr\u00e1s? \u00bfVenezuela olvid\u00f3 a Nicol\u00e1s Maduro?<\/span><\/strong><\/p>\n<p align=\"justify\">Voy a tomar las palabras de la presidenta (i) Delcy Rodr\u00edguez: \u201cprudencia estrat\u00e9gica\u201d. No hay que buscarle m\u00e1s. Tal vez el tema ha desaparecido un poco del discurso oficial en t\u00e9rminos muy directos, pero el gobierno no ha dejado en ning\u00fan momento de defender al presidente Maduro, de darle todas las herramientas legales para que pueda volver en libertad, y estoy segura de que no va a dejar de hacerlo. No ha parado de decir \u201clos queremos de vuelta\u201d, y si observamos los v\u00eddeos m\u00e1s recientes, la presidenta termina con el gesto de las dos manos utilizado por Nicol\u00e1s Maduro [<i>con una mano formando una \u201cV\u201d y la otra apuntando hacia ella, que representa \u201cNosotros venceremos\u201d, ndr<\/i>].<\/p>\n<p align=\"justify\">Obviamente, el gobierno est\u00e1 sometido a una gran presi\u00f3n. Es una situaci\u00f3n muy inc\u00f3moda e injusta, en la que Delcy Rodr\u00edguez debe seguir con la diplomacia bolivariana y, a la vez, luchar por la liberaci\u00f3n de Maduro y el fin del bloqueo. Todo lo que est\u00e1 pasando no es lo que los chavistas quisi\u00e9ramos que pasara, y tal vez no se parece a lo que ten\u00edamos con Hugo Ch\u00e1vez, una postura m\u00e1s radical frente a Estados Unidos. Pero estoy segura de que pronto volveremos a ocupar el lugar en la historia que ahora tenemos pendiente. Bueno\u2026 eso creo yo.<\/p>\n<p align=\"justify\"><strong><span style=\"color: #000000;\">Todos queremos creerlo. Muchas Gracias Mercedes. <\/span><\/strong><\/p>\n<p align=\"justify\"><span style=\"color: #000000;\">A ustedes.<\/span><\/p>\n","protected":false},"excerpt":{"rendered":"<p>Conversamos con la periodista venezolana Mercedes Chac\u00edn, directora del diario digital \u201cCiudad CCS\u201d\u00a0 y ponente en la conferencia \u201cContra la neutralidad. La lucha por el relato en Venezuela hoy\u201d, celebrada el pasado 17 de abril en Barcelona, en el marco del ciclo de encuentros sobre Venezuela \u201cTejidos de solidaridad\u201d, organizado por el Consulado General de\u2026 <span class=\"read-more\"><a href=\"https:\/\/consuladobarcelona.gob.ve\/webalterna\/entrevista-a-mercedes-chacin-venezuela-y-la-batalla-por-la-verdad\/\">Leer m\u00e1s &raquo;<\/a><\/span><\/p>\n","protected":false},"author":3,"featured_media":13005,"comment_status":"closed","ping_status":"closed","sticky":false,"template":"","format":"standard","meta":{"footnotes":""},"categories":[5],"tags":[],"class_list":["post-13004","post","type-post","status-publish","format-standard","has-post-thumbnail","hentry","category-noticias"],"_links":{"self":[{"href":"https:\/\/consuladobarcelona.gob.ve\/webalterna\/wp-json\/wp\/v2\/posts\/13004","targetHints":{"allow":["GET"]}}],"collection":[{"href":"https:\/\/consuladobarcelona.gob.ve\/webalterna\/wp-json\/wp\/v2\/posts"}],"about":[{"href":"https:\/\/consuladobarcelona.gob.ve\/webalterna\/wp-json\/wp\/v2\/types\/post"}],"author":[{"embeddable":true,"href":"https:\/\/consuladobarcelona.gob.ve\/webalterna\/wp-json\/wp\/v2\/users\/3"}],"replies":[{"embeddable":true,"href":"https:\/\/consuladobarcelona.gob.ve\/webalterna\/wp-json\/wp\/v2\/comments?post=13004"}],"version-history":[{"count":6,"href":"https:\/\/consuladobarcelona.gob.ve\/webalterna\/wp-json\/wp\/v2\/posts\/13004\/revisions"}],"predecessor-version":[{"id":13011,"href":"https:\/\/consuladobarcelona.gob.ve\/webalterna\/wp-json\/wp\/v2\/posts\/13004\/revisions\/13011"}],"wp:featuredmedia":[{"embeddable":true,"href":"https:\/\/consuladobarcelona.gob.ve\/webalterna\/wp-json\/wp\/v2\/media\/13005"}],"wp:attachment":[{"href":"https:\/\/consuladobarcelona.gob.ve\/webalterna\/wp-json\/wp\/v2\/media?parent=13004"}],"wp:term":[{"taxonomy":"category","embeddable":true,"href":"https:\/\/consuladobarcelona.gob.ve\/webalterna\/wp-json\/wp\/v2\/categories?post=13004"},{"taxonomy":"post_tag","embeddable":true,"href":"https:\/\/consuladobarcelona.gob.ve\/webalterna\/wp-json\/wp\/v2\/tags?post=13004"}],"curies":[{"name":"wp","href":"https:\/\/api.w.org\/{rel}","templated":true}]}}