{"id":13000,"date":"2026-04-22T10:09:25","date_gmt":"2026-04-22T09:09:25","guid":{"rendered":"https:\/\/consuladobarcelona.gob.ve\/webalterna\/?p=13000"},"modified":"2026-04-22T11:03:48","modified_gmt":"2026-04-22T10:03:48","slug":"sin-neutralidad-frente-a-la-injusticia-debate-en-barcelona-por-la-verdad-sobre-venezuela","status":"publish","type":"post","link":"https:\/\/consuladobarcelona.gob.ve\/webalterna\/sin-neutralidad-frente-a-la-injusticia-debate-en-barcelona-por-la-verdad-sobre-venezuela\/","title":{"rendered":"Sin neutralidad frente a la injusticia:  debate en Barcelona por la verdad sobre Venezuela"},"content":{"rendered":"<p align=\"justify\">Contin\u00faa con \u00e9xito el ciclo de encuentros sobre Venezuela <strong>\u201cTejidos de solidaridad\u201d<\/strong>, organizado por el Consulado General de Venezuela en Barcelona, en colaboraci\u00f3n con la <strong>Asamblea Bolivariana de Catalu\u00f1a<\/strong>.<\/p>\n<p align=\"justify\">La \u00faltima cita tuvo lugar el pasado viernes 17 de abril en el Casal Transformador de la capital catalana, donde se celebr\u00f3 la conferencia <strong>\u201cContra la neutralidad. La lucha por el relato en Venezuela hoy\u201d<\/strong>. En ella participaron como ponentes el profesor Xavier Gir\u00f3, especialista en periodismo pol\u00edtico y conflictos de la Universidad Aut\u00f3noma de Barcelona, y la periodista venezolana Mercedes Chac\u00edn, directora del diario digital <em>Ciudad CCS <\/em>y ex viceministra de Comunicaci\u00f3n de la Canciller\u00eda venezolana.<\/p>\n<p align=\"justify\">La conferencia fue introducida por el <strong>historiador V\u00edctor R\u00edos<\/strong>, miembro de la Asamblea Bolivariana de Catalu\u00f1a, quien, al abordar el tema de la neutralidad informativa, cit\u00f3 al arzobispo sudafricano Desmond Tutu, c\u00e9lebre por su liderazgo moral en la lucha contra el apartheid: \u201c<i>Si eres neutral en una situaci\u00f3n de injusticia, significa que has elegido el bando del opresor<\/i>\u201d.<\/p>\n<p align=\"justify\">A continuaci\u00f3n, el <strong>profesor Xavier Gir\u00f3<\/strong> explic\u00f3 qu\u00e9 la idea de neutralidad en los medios de comunicaci\u00f3n resulta irreal, ya que el periodismo opera necesariamente desde marcos interpretativos condicionados por decisiones que implican criterios, desde la selecci\u00f3n de los hechos noticiables, hasta el enfoque con el que se presentan, en el que tambi\u00e9n influyen las voces de los bandos en conflicto y de otras fuentes, como expertos y testigos, que tambi\u00e9n tienen su visi\u00f3n. Todo ello combinado con datos parciales de actores que despliegan lo que se denomina el \u201ccuadrado de polarizaci\u00f3n ideol\u00f3gica\u201d, donde cada parte maximiza sus virtudes y minimiza las del adversario, al tiempo que reduce sus propios defectos y amplifica los del contrario.<\/p>\n<p align=\"justify\">En contextos de conflicto, afirm\u00f3 Gir\u00f3, el periodismo influye incluso a trav\u00e9s del l\u00e9xico que emplea. Al referirse a lo ocurrido al presidente Nicol\u00e1s Maduro el pasado 3 de enero, se\u00f1al\u00f3 que \u201c<i>no es lo mismo decir \u2018secuestro\u2019, \u2018captura\u2019, \u2018ca\u00edda\u2019, \u2018arresto\u2019, \u2018detenci\u00f3n\u2019, \u2018extracci\u00f3n por la fuerza\u2019 o \u2018ausencia forzosa\u2019<\/i>\u201d.<\/p>\n<p align=\"justify\">Asimismo, subray\u00f3:<\/p>\n<p align=\"justify\">&#8211; <i>Uno tiene que asumir la responsabilidad de decidir hacia d\u00f3nde orienta lo que hace. Frente al atropello, al abuso de poder o a los cr\u00edmenes contra los derechos humanos, no se puede optar por la neutralidad: hay que tomar partido<\/i>.<\/p>\n<p align=\"justify\">De ah\u00ed la necesidad de una comunicaci\u00f3n orientada a la resoluci\u00f3n de conflictos, a una paz alcanzable mediante la construcci\u00f3n de puentes de entendimiento, soluciones ganar-ganar y la eliminaci\u00f3n de la violencia, para que calle \u201c<i>el ruido de las balas que no permite escuchar las ideas<\/i>\u201d, como recoge un mural en Bogot\u00e1 citado por Gir\u00f3.<\/p>\n<p align=\"justify\">Por su parte, la <strong>periodista Mercedes Chac\u00edn<\/strong> inici\u00f3 su intervenci\u00f3n denunciando el impacto de las m\u00e1s de mil medidas coercitivas unilaterales aplicadas contra Venezuela, que &#8211; seg\u00fan afirm\u00f3 &#8211; tienen un impacto directo en la vida cotidiana de la poblaci\u00f3n, aunque esta relaci\u00f3n no siempre es percibida con claridad por la opini\u00f3n p\u00fablica internacional.<\/p>\n<p align=\"justify\">&#8211; <i>Aunque el origen de la debacle econ\u00f3mica venezolana, <\/i><i>como <\/i><i>de la cubana, es producto del bloqueo, <\/i><i>mucha<\/i><i> gente no lo percibe de esa forma. La revoluci\u00f3n bolivariana es una dictadura hambreadora porque as\u00ed es el comunismo. Comen ni\u00f1os y ni\u00f1as. Esta realidad comunicacional forma parte de la guerra cognitiva. Son bombas de informaci\u00f3n falsa donde el enemigo, el imperio norteamericano, es tremendamente eficiente, porque tiene d\u00e9cadas manejando la informaci\u00f3n conforme a sus intereses.<\/i><\/p>\n<p align=\"justify\">Apoy\u00e1ndose en conceptos formulados por el catedr\u00e1tico venezolano Federico \u00c1lvarez, la periodista explic\u00f3 que esta \u201cguerra cognitiva\u201d emplea t\u00e9cnicas como la descontextualizaci\u00f3n de los hechos; la promoci\u00f3n de noticias mediante mecanismos como la informaci\u00f3n sonda o los globos de ensayo; la omisi\u00f3n total o parcial de informaciones; la distorsi\u00f3n de los datos; la segmentaci\u00f3n de audiencias; y la fragmentaci\u00f3n y aceleraci\u00f3n de la comunicaci\u00f3n.<\/p>\n<p align=\"justify\"><i>&#8211; El bloqueo se oculta, el periodismo lo oculta, porque cuando la humanidad descifre c\u00f3mo y qui\u00e9nes manipulan nuestros cerebros, cuando se entienda que nuestros supuestos salvadores hoy son nuestros verdugos, solo ese d\u00eda caer\u00e1 el imperio. Las y los comunicadores sociales que hoy modelan narrativas tienen ante s\u00ed una realidad y muchas interpretaciones. M\u00e1s all\u00e1 de la t\u00e9cnica, de la inteligencia artificial, del avance de las telecomunicaciones hay una sola batalla \u00e9tica a favor de los pueblos del mundo. A esa batalla me sumo.<\/i><\/p>\n<p align=\"justify\">Durante el debate que cerr\u00f3 la conferencia, el <strong>C\u00f3nsul General de Venezuela, Carlos Azpurua<\/strong>, sugiri\u00f3 que \u201c<i>el hecho de que el secretario de Estado estadounidense, Marco Rubio, tenga que instruir a las representaciones diplom\u00e1ticas de su pa\u00eds a contratar mercenarios de la informaci\u00f3n proestadounidenses, nos sugiere que Venezuela no necesariamente est\u00e1 perdiendo la guerra comunicacional por la verdad<\/i>\u201d, pese a haber sido utilizada como \u201cconejillo de Indias\u201d por tecnolog\u00edas extremadamente avanzadas.<\/p>\n<p align=\"justify\">El Consulado General de Venezuela en Barcelona invita a toda la comunidad &#8211; venezolanos y venezolanas, as\u00ed como amigos y amigas de otros pa\u00edses &#8211; a sumarse a los pr\u00f3ximos encuentros del ciclo <em>Tejidos de Solidaridad<\/em>, un espacio abierto al di\u00e1logo, la reflexi\u00f3n cr\u00edtica y la construcci\u00f3n de puentes de entendimiento. En un contexto global marcado por desinformaci\u00f3n y desaf\u00edos compartidos, la participaci\u00f3n activa de todas y todos resulta fundamental para seguir tejiendo redes de apoyo, intercambio y compromiso con la verdad y la paz.<\/p>\n<p>&nbsp;<\/p>\n<p>&nbsp;<\/p>\n<p>&nbsp;<\/p>\n","protected":false},"excerpt":{"rendered":"<p>Contin\u00faa con \u00e9xito el ciclo de encuentros sobre Venezuela \u201cTejidos de solidaridad\u201d, organizado por el Consulado General de Venezuela en Barcelona, en colaboraci\u00f3n con la Asamblea Bolivariana de Catalu\u00f1a. La \u00faltima cita tuvo lugar el pasado viernes 17 de abril en el Casal Transformador de la capital catalana, donde se celebr\u00f3 la conferencia \u201cContra la\u2026 <span class=\"read-more\"><a href=\"https:\/\/consuladobarcelona.gob.ve\/webalterna\/sin-neutralidad-frente-a-la-injusticia-debate-en-barcelona-por-la-verdad-sobre-venezuela\/\">Leer m\u00e1s &raquo;<\/a><\/span><\/p>\n","protected":false},"author":3,"featured_media":13001,"comment_status":"closed","ping_status":"closed","sticky":false,"template":"","format":"standard","meta":{"footnotes":""},"categories":[5],"tags":[],"class_list":["post-13000","post","type-post","status-publish","format-standard","has-post-thumbnail","hentry","category-noticias"],"_links":{"self":[{"href":"https:\/\/consuladobarcelona.gob.ve\/webalterna\/wp-json\/wp\/v2\/posts\/13000","targetHints":{"allow":["GET"]}}],"collection":[{"href":"https:\/\/consuladobarcelona.gob.ve\/webalterna\/wp-json\/wp\/v2\/posts"}],"about":[{"href":"https:\/\/consuladobarcelona.gob.ve\/webalterna\/wp-json\/wp\/v2\/types\/post"}],"author":[{"embeddable":true,"href":"https:\/\/consuladobarcelona.gob.ve\/webalterna\/wp-json\/wp\/v2\/users\/3"}],"replies":[{"embeddable":true,"href":"https:\/\/consuladobarcelona.gob.ve\/webalterna\/wp-json\/wp\/v2\/comments?post=13000"}],"version-history":[{"count":2,"href":"https:\/\/consuladobarcelona.gob.ve\/webalterna\/wp-json\/wp\/v2\/posts\/13000\/revisions"}],"predecessor-version":[{"id":13012,"href":"https:\/\/consuladobarcelona.gob.ve\/webalterna\/wp-json\/wp\/v2\/posts\/13000\/revisions\/13012"}],"wp:featuredmedia":[{"embeddable":true,"href":"https:\/\/consuladobarcelona.gob.ve\/webalterna\/wp-json\/wp\/v2\/media\/13001"}],"wp:attachment":[{"href":"https:\/\/consuladobarcelona.gob.ve\/webalterna\/wp-json\/wp\/v2\/media?parent=13000"}],"wp:term":[{"taxonomy":"category","embeddable":true,"href":"https:\/\/consuladobarcelona.gob.ve\/webalterna\/wp-json\/wp\/v2\/categories?post=13000"},{"taxonomy":"post_tag","embeddable":true,"href":"https:\/\/consuladobarcelona.gob.ve\/webalterna\/wp-json\/wp\/v2\/tags?post=13000"}],"curies":[{"name":"wp","href":"https:\/\/api.w.org\/{rel}","templated":true}]}}