{"id":12865,"date":"2026-03-19T11:30:22","date_gmt":"2026-03-19T10:30:22","guid":{"rendered":"https:\/\/consuladobarcelona.gob.ve\/webalterna\/?p=12865"},"modified":"2026-03-19T11:30:36","modified_gmt":"2026-03-19T10:30:36","slug":"presidenta-e-delcy-rodriguez-anuncia-cambios-en-el-gabinete-ejecutivo-de-venezuela","status":"publish","type":"post","link":"https:\/\/consuladobarcelona.gob.ve\/webalterna\/presidenta-e-delcy-rodriguez-anuncia-cambios-en-el-gabinete-ejecutivo-de-venezuela\/","title":{"rendered":"Presidenta (E) Delcy Rodr\u00edguez anuncia cambios en el Gabinete Ejecutivo de Venezuela"},"content":{"rendered":"<p>La presidenta encargada de la Rep\u00fablica Bolivariana de Venezuela, <strong>Delcy Rodr\u00edguez<\/strong>, anunci\u00f3 este mi\u00e9rcoles 18 de marzo a trav\u00e9s de sus canales oficiales la designaci\u00f3n de <strong>nuevos titulares para diversas carteras ministeriales y cargos del Estado.<\/strong><\/p>\n<p>Estas medidas, que comprenden un total de <strong>once designaciones<\/strong>, tienen como objetivo central dar continuidad y profundizar las pol\u00edticas p\u00fablicas del Gobierno Bolivariano, fortaleciendo el desarrollo nacional y el bienestar del pueblo venezolano. Rodr\u00edguez expres\u00f3 su agradecimiento a las autoridades salientes por su lealtad y compromiso con la Patria, informando que las mismas <strong>asumir\u00e1n nuevas responsabilidades<\/strong> en el proceso de transformaci\u00f3n de la naci\u00f3n.<\/p>\n<p>De acuerdo con lo expresado por la presidenta encargada, los nuevos perfiles combinan experiencia t\u00e9cnica y lealtad institucional para <strong>consolidar el desarrollo integral de la naci\u00f3n<\/strong>. Los nombramientos detallados a continuaci\u00f3n reflejan este compromiso con el <strong>fortalecimiento y la expansi\u00f3n del Poder Popular.<\/strong><\/p>\n<ul>\n<li>La presidenta encargada inform\u00f3 la designaci\u00f3n del <strong>General en Jefe Gustavo Gonz\u00e1lez L\u00f3pez<\/strong> al frente de esta cartera. Al mismo tiempo, extendi\u00f3 un profundo reconocimiento al <strong>G\/J Vladimir Padrino L\u00f3pez por<\/strong> <strong>su entrega y lealtad a la Patria<\/strong>, destacando que durante a\u00f1os fue el primer soldado en la defensa de nuestro pa\u00eds. Rodr\u00edguez asegur\u00f3 que Padrino L\u00f3pez asumir\u00e1 con honor nuevas responsabilidades que le ser\u00e1n encomendadas.<\/li>\n<li>Para fortalecer el Sistema El\u00e9ctrico Nacional (SEN), se design\u00f3 al ingeniero electricista <strong>Rolando Alcal\u00e1<\/strong>, especialista en proyectos el\u00e9ctricos <strong>con trayectoria nacional e internacional<\/strong>. La mandataria encargada agradeci\u00f3 el desempe\u00f1o previo del <strong>Mayor General Jorge M\u00e1rquez Monsalve<\/strong>, quien lideraba esta cartera de manera interina.<\/li>\n<li>El actual ministro de Obras P\u00fablicas, <strong>Juan Jos\u00e9 Ram\u00edrez<\/strong>, fue nombrado nuevo Vicepresidente Sectorial de esta \u00e1rea. Rodr\u00edguez manifest\u00f3 su plena confianza <strong>en la capacidad t\u00e9cnica y compromiso demostrado<\/strong> de Ram\u00edrez para avanzar en la optimizaci\u00f3n de la infraestructura y los servicios b\u00e1sicos del pa\u00eds.<\/li>\n<li>La ingeniera <strong>Jacqueline Far\u00eda<\/strong> asume la responsabilidad de fortalecer este <strong>sector estrat\u00e9gico para el desarrollo nacional<\/strong>. La presidenta encargada agradeci\u00f3 el trabajo realizado por el <strong>V\/A An\u00edbal Coronado<\/strong>, informando que este \u00faltimo pasar\u00e1 a cumplir nuevas funciones dentro del Ejecutivo.<\/li>\n<li>El magistrado de la Sala Social, <strong>Carlos Alexis Castillo<\/strong>, abogado y especialista en Derecho del Trabajo, fue designado para este cargo tras recibir el permiso correspondiente del TSJ. Rodr\u00edguez<strong> destac\u00f3 su trayectoria en favor de los derechos de la clase obrera<\/strong> y agradeci\u00f3 el compromiso del compa\u00f1ero <strong>Eduardo Pi\u00f1ate<\/strong>, quien asumir\u00e1 nuevos retos pol\u00edticos.<\/li>\n<li>Con el objetivo de garantizar la protecci\u00f3n del Jefe de Estado y la estabilidad institucional, el <strong>General de Divisi\u00f3n Henry Navas Rumbos<\/strong> fue nombrado nuevo Comandante de este cuerpo t\u00e9cnico-militar. La presidenta resalt\u00f3 que la designaci\u00f3n se<strong> basa en su honor patriota y absoluta lealtad.<\/strong><\/li>\n<li>En el \u00e1rea de inteligencia, el nuevo director ser\u00e1 <strong>Germ\u00e1n G\u00f3mez L\u00e1rez<\/strong>, quien asume el mando con la instrucci\u00f3n de fortalecer los mecanismos de protecci\u00f3n del Estado venezolano y <strong>asegurar la paz y la estabilidad de la Rep\u00fablica <\/strong>bajo principios de disciplina.<\/li>\n<li>Para el sector cultural, se design\u00f3 a <strong>Ra\u00fal Cazal<\/strong>, quien tendr\u00e1 la misi\u00f3n de enaltecer la identidad y las ra\u00edces de Venezuela. Rodr\u00edguez enfatiz\u00f3 que Cazal asume en un momento clave para profundizar la conciencia cultural, adem\u00e1s, agradeci\u00f3 la entrega y valiosa labor del ministro saliente, <strong>Ernesto Villegas<\/strong>.<\/li>\n<li>Con la tarea de fortalecer la formaci\u00f3n y el futuro de Venezuela, la profesora <strong>Ana Mar\u00eda Sanju\u00e1n<\/strong> fue designada como nueva ministra. Rodr\u00edguez la describi\u00f3 como una mujer de valores y gran vocaci\u00f3n pedag\u00f3gica, destacando que su gesti\u00f3n estar\u00e1 al servicio de la juventud para transformar<strong> la educaci\u00f3n universitaria desde un pensamiento plura<\/strong>l.<\/li>\n<li>La presidenta encargada design\u00f3 a <strong>Tarek William Saab<\/strong> como Jefe de esta Gran Misi\u00f3n, la cual estar\u00e1 adscrita directamente al <strong>Despacho de la Presidencia de la Rep\u00fablica<\/strong>. Saab asume la responsabilidad de dar continuidad a este proyecto estrat\u00e9gico para darle vida al alma y al ser nacional, enfoc\u00e1ndose en lo <strong>tradicional, lo originario y lo popular<\/strong>, con el fin de fortalecer la identidad cultural y el orgullo de la venezolanidad.<\/li>\n<\/ul>\n<p>Con este reimpulso del gabinete, la presidenta encargada <strong>Delcy Rodr\u00edguez<\/strong> reafirma la hoja de ruta trazada para la <strong>consolidaci\u00f3n de la soberan\u00eda y el crecimiento productivo con justicia social<\/strong> de la naci\u00f3n. Hasta el momento, la mandataria ha anunciado un total de <strong>11 nuevas designaciones estrat\u00e9gicas<\/strong>, orientadas a profundizar la eficiencia institucional y la atenci\u00f3n directa a las necesidades del pueblo venezolano.<\/p>\n<p>La integraci\u00f3n de estos perfiles t\u00e9cnicos y cuadros pol\u00edticos de amplia trayectoria busca no solo optimizar los servicios p\u00fablicos y la defensa integral, sino tambi\u00e9n fortalecer el <strong>Nuevo Modelo de Gesti\u00f3n<\/strong> que promueve el bienestar social. De esta manera, el Gobierno Bolivariano se proyecta hacia el resto del a\u00f1o con un equipo listo para enfrentar con \u00e9xito<strong> los desaf\u00edos de la transformaci\u00f3n institucional en Venezuela.<\/strong><\/p>\n","protected":false},"excerpt":{"rendered":"<p>La presidenta encargada de la Rep\u00fablica Bolivariana de Venezuela, Delcy Rodr\u00edguez, anunci\u00f3 este mi\u00e9rcoles 18 de marzo a trav\u00e9s de sus canales oficiales la designaci\u00f3n de nuevos titulares para diversas carteras ministeriales y cargos del Estado. Estas medidas, que comprenden un total de once designaciones, tienen como objetivo central dar continuidad y profundizar las pol\u00edticas\u2026 <span class=\"read-more\"><a href=\"https:\/\/consuladobarcelona.gob.ve\/webalterna\/presidenta-e-delcy-rodriguez-anuncia-cambios-en-el-gabinete-ejecutivo-de-venezuela\/\">Leer m\u00e1s &raquo;<\/a><\/span><\/p>\n","protected":false},"author":3,"featured_media":12866,"comment_status":"closed","ping_status":"closed","sticky":false,"template":"","format":"standard","meta":{"footnotes":""},"categories":[5],"tags":[],"class_list":["post-12865","post","type-post","status-publish","format-standard","has-post-thumbnail","hentry","category-noticias"],"_links":{"self":[{"href":"https:\/\/consuladobarcelona.gob.ve\/webalterna\/wp-json\/wp\/v2\/posts\/12865","targetHints":{"allow":["GET"]}}],"collection":[{"href":"https:\/\/consuladobarcelona.gob.ve\/webalterna\/wp-json\/wp\/v2\/posts"}],"about":[{"href":"https:\/\/consuladobarcelona.gob.ve\/webalterna\/wp-json\/wp\/v2\/types\/post"}],"author":[{"embeddable":true,"href":"https:\/\/consuladobarcelona.gob.ve\/webalterna\/wp-json\/wp\/v2\/users\/3"}],"replies":[{"embeddable":true,"href":"https:\/\/consuladobarcelona.gob.ve\/webalterna\/wp-json\/wp\/v2\/comments?post=12865"}],"version-history":[{"count":1,"href":"https:\/\/consuladobarcelona.gob.ve\/webalterna\/wp-json\/wp\/v2\/posts\/12865\/revisions"}],"predecessor-version":[{"id":12867,"href":"https:\/\/consuladobarcelona.gob.ve\/webalterna\/wp-json\/wp\/v2\/posts\/12865\/revisions\/12867"}],"wp:featuredmedia":[{"embeddable":true,"href":"https:\/\/consuladobarcelona.gob.ve\/webalterna\/wp-json\/wp\/v2\/media\/12866"}],"wp:attachment":[{"href":"https:\/\/consuladobarcelona.gob.ve\/webalterna\/wp-json\/wp\/v2\/media?parent=12865"}],"wp:term":[{"taxonomy":"category","embeddable":true,"href":"https:\/\/consuladobarcelona.gob.ve\/webalterna\/wp-json\/wp\/v2\/categories?post=12865"},{"taxonomy":"post_tag","embeddable":true,"href":"https:\/\/consuladobarcelona.gob.ve\/webalterna\/wp-json\/wp\/v2\/tags?post=12865"}],"curies":[{"name":"wp","href":"https:\/\/api.w.org\/{rel}","templated":true}]}}