{"id":11934,"date":"2025-09-08T08:47:27","date_gmt":"2025-09-08T07:47:27","guid":{"rendered":"https:\/\/consuladobarcelona.gob.ve\/webalterna\/?p=11934"},"modified":"2025-09-08T08:48:12","modified_gmt":"2025-09-08T07:48:12","slug":"bandera-de-palestina-es-desplegada-en-caracas-en-solidaridad-con-el-pueblo-de-gaza","status":"publish","type":"post","link":"https:\/\/consuladobarcelona.gob.ve\/webalterna\/bandera-de-palestina-es-desplegada-en-caracas-en-solidaridad-con-el-pueblo-de-gaza\/","title":{"rendered":"Bandera de Palestina es desplegada en Caracas en solidaridad con pueblo de Gaza"},"content":{"rendered":"<p>El<strong> Movimiento Venezolano en Solidaridad con Palestina<\/strong> despleg\u00f3 ayer una <strong>bandera gigante de Palestina<\/strong> en el distribuidor Los Ruices de Caracas. La acci\u00f3n se enmarc\u00f3 en un llamado global para hacer visible la bandera palestina y crear conciencia sobre la situaci\u00f3n que atraviesa el pueblo de la Franja de Gaza. El objetivo principal de la iniciativa es <strong>sensibilizar a la poblaci\u00f3n venezolana y reafirmar el compromiso del pa\u00eds con la causa humanitaria internacional<\/strong>.<\/p>\n<p>\u200bLa vocera del movimiento, Roxana Laguado, declar\u00f3 que la acci\u00f3n buscaba que \u00abtoda Caracas la vea\u00bb y \u00abse sensibilice con el <strong>genocidio<\/strong> que ocurre hoy en la Franja de Gaza\u00bb. Subray\u00f3 que, desde Venezuela y Am\u00e9rica Latina, se alza la voz en contra de las acciones \u00abgenocidas\u00bb y en contra del primer ministro israel\u00ed, Benjam\u00edn Netanyahu, a quien calific\u00f3 de \u00abcriminal de guerra\u00bb.<\/p>\n<p>\u200bLa protesta se suma a una serie de manifestaciones que buscan denunciar la situaci\u00f3n en la regi\u00f3n. Laguado enfatiz\u00f3 la necesidad de que el pueblo palestino, especialmente las mujeres y los ni\u00f1os, reciba m\u00e1s solidaridad y acciones concretas por parte de la <strong>comunidad internacional<\/strong>. Hizo un llamado a las autoridades de Venezuela y de toda Am\u00e9rica Latina a tomar medidas m\u00e1s contundentes y a \u00abllevar m\u00e1s acciones\u00bb en los foros internacionales.<\/p>\n<p>\u200bEl acto en el distribuidor Los Ruices, uno de los puntos neur\u00e1lgicos de la capital, permiti\u00f3 que la bandera fuera vista por miles de personas que transitan por la autopista Francisco Fajardo. La masiva visibilidad de la bandera busca generar un impacto visual que incite a la reflexi\u00f3n y al debate sobre el conflicto en Medio Oriente. La protesta pac\u00edfica reafirma la postura de un sector de la sociedad venezolana que se alinea con la causa palestina, consider\u00e1ndola una lucha por la libertad y la justicia.<\/p>\n","protected":false},"excerpt":{"rendered":"<p>El Movimiento Venezolano en Solidaridad con Palestina despleg\u00f3 ayer una bandera gigante de Palestina en el distribuidor Los Ruices de Caracas. La acci\u00f3n se enmarc\u00f3 en un llamado global para hacer visible la bandera palestina y crear conciencia sobre la situaci\u00f3n que atraviesa el pueblo de la Franja de Gaza. El objetivo principal de la\u2026 <span class=\"read-more\"><a href=\"https:\/\/consuladobarcelona.gob.ve\/webalterna\/bandera-de-palestina-es-desplegada-en-caracas-en-solidaridad-con-el-pueblo-de-gaza\/\">Leer m\u00e1s &raquo;<\/a><\/span><\/p>\n","protected":false},"author":6,"featured_media":11935,"comment_status":"closed","ping_status":"closed","sticky":false,"template":"","format":"standard","meta":{"footnotes":""},"categories":[5],"tags":[],"class_list":["post-11934","post","type-post","status-publish","format-standard","has-post-thumbnail","hentry","category-noticias"],"_links":{"self":[{"href":"https:\/\/consuladobarcelona.gob.ve\/webalterna\/wp-json\/wp\/v2\/posts\/11934","targetHints":{"allow":["GET"]}}],"collection":[{"href":"https:\/\/consuladobarcelona.gob.ve\/webalterna\/wp-json\/wp\/v2\/posts"}],"about":[{"href":"https:\/\/consuladobarcelona.gob.ve\/webalterna\/wp-json\/wp\/v2\/types\/post"}],"author":[{"embeddable":true,"href":"https:\/\/consuladobarcelona.gob.ve\/webalterna\/wp-json\/wp\/v2\/users\/6"}],"replies":[{"embeddable":true,"href":"https:\/\/consuladobarcelona.gob.ve\/webalterna\/wp-json\/wp\/v2\/comments?post=11934"}],"version-history":[{"count":3,"href":"https:\/\/consuladobarcelona.gob.ve\/webalterna\/wp-json\/wp\/v2\/posts\/11934\/revisions"}],"predecessor-version":[{"id":11938,"href":"https:\/\/consuladobarcelona.gob.ve\/webalterna\/wp-json\/wp\/v2\/posts\/11934\/revisions\/11938"}],"wp:featuredmedia":[{"embeddable":true,"href":"https:\/\/consuladobarcelona.gob.ve\/webalterna\/wp-json\/wp\/v2\/media\/11935"}],"wp:attachment":[{"href":"https:\/\/consuladobarcelona.gob.ve\/webalterna\/wp-json\/wp\/v2\/media?parent=11934"}],"wp:term":[{"taxonomy":"category","embeddable":true,"href":"https:\/\/consuladobarcelona.gob.ve\/webalterna\/wp-json\/wp\/v2\/categories?post=11934"},{"taxonomy":"post_tag","embeddable":true,"href":"https:\/\/consuladobarcelona.gob.ve\/webalterna\/wp-json\/wp\/v2\/tags?post=11934"}],"curies":[{"name":"wp","href":"https:\/\/api.w.org\/{rel}","templated":true}]}}