{"id":1150,"date":"2019-05-07T12:26:57","date_gmt":"2019-05-07T11:26:57","guid":{"rendered":"http:\/\/consuladobarcelona.gob.ve\/webalterna\/?p=1150"},"modified":"2019-05-07T13:39:11","modified_gmt":"2019-05-07T12:39:11","slug":"trumpdesbloqueavenezuela-la-etiqueta-trending-topic-contra-las-sanciones-de-eeuu","status":"publish","type":"post","link":"https:\/\/consuladobarcelona.gob.ve\/webalterna\/trumpdesbloqueavenezuela-la-etiqueta-trending-topic-contra-las-sanciones-de-eeuu\/","title":{"rendered":"#TrumpDesbloqueaVenezuela: la etiqueta \u2018trending topic\u2019 contra las sanciones de EEUU"},"content":{"rendered":"<p>Este lunes,\u00a0el \u2018hashtag\u2019\u00a0#TrumpDesbloqueaVenezuela, con la que los usuarios de Twiter denuncian las consecuencias de las sanciones de EE.UU. sobre el pa\u00eds suramericano, se ha ubicado en el <strong>primer lugar de las tendencias de la red social en\u00a0Venezuela<\/strong>.\u00a0<span id=\"more-64469\"><\/span><\/p>\n<p>Con esta etiqueta, que tambi\u00e9n ha sido posicionada en ingl\u00e9s con #TrumpUnblockVenezuela y en la cuenta de @DesbloqueaVE de la popular red social, los internautas han compartido informaci\u00f3n sobre las medidas restrictivas unilaterales del Gobierno de Donald Trump contra Venezuela y sus posibles \u201c<strong>consecuencias catastr\u00f3ficas<\/strong>\u201d, como las ha tildado el Canciller venezolano Jorge Arreaza.<\/p>\n<p>Desde el pasado 23 de enero, cuando el diputado opositor\u00a0Juan Guaid\u00f3\u00a0se autojurament\u00f3 \u201cpresidente encargado\u201d, Washington ha incrementado exponencialmente las sanciones en contra del pa\u00eds caribe\u00f1o\u00a0con el objetivo de ejercer presi\u00f3n en el Gobierno de\u00a0Nicol\u00e1s Maduro, al que\u00a0la Casa Blanca considera \u201cileg\u00edtimo\u201d,\u00a0y que este abandone\u00a0la Presidencia, a pesar de que su sexenio culmina en 2025.<\/p>\n<p><span style=\"font-family: Liberation Serif;\">M\u00e1s de <strong>40.000 venezolanos murieron en menos de dos a\u00f1os como resultado de las sanciones ilegales de EEUU dise\u00f1adas para derrocar al gobierno constitucional de Venezuela<\/strong>, de acuerdo con un informe independiente publicado por el Centro para la Investigaci\u00f3n Econ\u00f3mica y Pol\u00edtica con sede en Estados Unidos, redactado por el reconocido economista Jeffrey Sachs, Director de la Red de Soluciones de Desarrollo Sostenible de las Naciones Unidas y exasesor especial del Secretario General de las Naciones Unidas, considerado entre los tres economistas vivos m\u00e1s influyentes (seg\u00fan The Economist) y uno de los 100 l\u00edderes mundiales m\u00e1s influyentes (seg\u00fan Times). De acuerdo con este estudio, <strong>las p\u00e9rdidas ocasionadas desde 2013 por las medidas coercitivas unilaterales de Washington ascienden a m\u00e1s de 114 mil millones de d\u00f3lares<\/strong>. <\/span><\/p>\n<p align=\"justify\">\n","protected":false},"excerpt":{"rendered":"<p>Este lunes,\u00a0el \u2018hashtag\u2019\u00a0#TrumpDesbloqueaVenezuela, con la que los usuarios de Twiter denuncian las consecuencias de las sanciones de EE.UU. sobre el pa\u00eds suramericano, se ha ubicado en el primer lugar de las tendencias de la red social en\u00a0Venezuela.\u00a0 Con esta etiqueta, que tambi\u00e9n ha sido posicionada en ingl\u00e9s con #TrumpUnblockVenezuela y en la cuenta de @DesbloqueaVE\u2026 <span class=\"read-more\"><a href=\"https:\/\/consuladobarcelona.gob.ve\/webalterna\/trumpdesbloqueavenezuela-la-etiqueta-trending-topic-contra-las-sanciones-de-eeuu\/\">Leer m\u00e1s &raquo;<\/a><\/span><\/p>\n","protected":false},"author":3,"featured_media":1151,"comment_status":"closed","ping_status":"closed","sticky":false,"template":"","format":"standard","meta":{"footnotes":""},"categories":[5],"tags":[],"class_list":["post-1150","post","type-post","status-publish","format-standard","has-post-thumbnail","hentry","category-noticias"],"_links":{"self":[{"href":"https:\/\/consuladobarcelona.gob.ve\/webalterna\/wp-json\/wp\/v2\/posts\/1150","targetHints":{"allow":["GET"]}}],"collection":[{"href":"https:\/\/consuladobarcelona.gob.ve\/webalterna\/wp-json\/wp\/v2\/posts"}],"about":[{"href":"https:\/\/consuladobarcelona.gob.ve\/webalterna\/wp-json\/wp\/v2\/types\/post"}],"author":[{"embeddable":true,"href":"https:\/\/consuladobarcelona.gob.ve\/webalterna\/wp-json\/wp\/v2\/users\/3"}],"replies":[{"embeddable":true,"href":"https:\/\/consuladobarcelona.gob.ve\/webalterna\/wp-json\/wp\/v2\/comments?post=1150"}],"version-history":[{"count":2,"href":"https:\/\/consuladobarcelona.gob.ve\/webalterna\/wp-json\/wp\/v2\/posts\/1150\/revisions"}],"predecessor-version":[{"id":1153,"href":"https:\/\/consuladobarcelona.gob.ve\/webalterna\/wp-json\/wp\/v2\/posts\/1150\/revisions\/1153"}],"wp:featuredmedia":[{"embeddable":true,"href":"https:\/\/consuladobarcelona.gob.ve\/webalterna\/wp-json\/wp\/v2\/media\/1151"}],"wp:attachment":[{"href":"https:\/\/consuladobarcelona.gob.ve\/webalterna\/wp-json\/wp\/v2\/media?parent=1150"}],"wp:term":[{"taxonomy":"category","embeddable":true,"href":"https:\/\/consuladobarcelona.gob.ve\/webalterna\/wp-json\/wp\/v2\/categories?post=1150"},{"taxonomy":"post_tag","embeddable":true,"href":"https:\/\/consuladobarcelona.gob.ve\/webalterna\/wp-json\/wp\/v2\/tags?post=1150"}],"curies":[{"name":"wp","href":"https:\/\/api.w.org\/{rel}","templated":true}]}}