{"id":1135,"date":"2019-05-06T09:58:20","date_gmt":"2019-05-06T08:58:20","guid":{"rendered":"http:\/\/consuladobarcelona.gob.ve\/webalterna\/?p=1135"},"modified":"2019-06-07T09:45:58","modified_gmt":"2019-06-07T08:45:58","slug":"tv3-entrevista-al-consul-general-ricardo-capella","status":"publish","type":"post","link":"https:\/\/consuladobarcelona.gob.ve\/webalterna\/tv3-entrevista-al-consul-general-ricardo-capella\/","title":{"rendered":"Los ojos sobre Venezuela: Tv3 entrevista al C\u00f3nsul General Ricardo Capella"},"content":{"rendered":"<p>EL C\u00f3nsul General de Venezuela en Barcelona, Ricardo Capella, fue entrevistado este s\u00e1bado en el programa \u00abPreguntas frecuentes\u00bb de Tv3, principal canal de la Televisi\u00f3n publica de Catalu\u00f1a. Al centro de la entrevista, la actualidad pol\u00edtica venezolana, con el intento de golpe de estado de Juan Guaid\u00f3, la presencia de Leopoldo L\u00f3pez en la Embajada de Espa\u00f1a en Caracas y la dificil situaci\u00f3n econ\u00f3mica del pa\u00eds.<\/p>\n<p>Pueden ver la entrevista completa aqu\u00ed, desde el minuto 2.21.00 &gt;&gt;&gt; <strong>http:\/\/tv3.video\/FAQSchewbacca<\/strong><\/p>\n<p>Antes del C\u00f3nsul Capella, fue entrevistado en el programa el ex <span data-ved=\"2ahUKEwiGsKWQsobiAhUNyYUKHU4WB8cQ2kooAjAdegQIDhAL\">Presidente de la Generalidad de Catalu\u00f1a<\/span>, Carles Puigdemont. Esa noche, el programa lider\u00f3 el ranking de audiencias, con 300.000 espectadores.<\/p>\n","protected":false},"excerpt":{"rendered":"<p>EL C\u00f3nsul General de Venezuela en Barcelona, Ricardo Capella, fue entrevistado este s\u00e1bado en el programa \u00abPreguntas frecuentes\u00bb de Tv3, principal canal de la Televisi\u00f3n publica de Catalu\u00f1a. Al centro de la entrevista, la actualidad pol\u00edtica venezolana, con el intento de golpe de estado de Juan Guaid\u00f3, la presencia de Leopoldo L\u00f3pez en la Embajada\u2026 <span class=\"read-more\"><a href=\"https:\/\/consuladobarcelona.gob.ve\/webalterna\/tv3-entrevista-al-consul-general-ricardo-capella\/\">Leer m\u00e1s &raquo;<\/a><\/span><\/p>\n","protected":false},"author":3,"featured_media":1136,"comment_status":"closed","ping_status":"closed","sticky":false,"template":"","format":"standard","meta":{"footnotes":""},"categories":[5],"tags":[],"class_list":["post-1135","post","type-post","status-publish","format-standard","has-post-thumbnail","hentry","category-noticias"],"_links":{"self":[{"href":"https:\/\/consuladobarcelona.gob.ve\/webalterna\/wp-json\/wp\/v2\/posts\/1135","targetHints":{"allow":["GET"]}}],"collection":[{"href":"https:\/\/consuladobarcelona.gob.ve\/webalterna\/wp-json\/wp\/v2\/posts"}],"about":[{"href":"https:\/\/consuladobarcelona.gob.ve\/webalterna\/wp-json\/wp\/v2\/types\/post"}],"author":[{"embeddable":true,"href":"https:\/\/consuladobarcelona.gob.ve\/webalterna\/wp-json\/wp\/v2\/users\/3"}],"replies":[{"embeddable":true,"href":"https:\/\/consuladobarcelona.gob.ve\/webalterna\/wp-json\/wp\/v2\/comments?post=1135"}],"version-history":[{"count":4,"href":"https:\/\/consuladobarcelona.gob.ve\/webalterna\/wp-json\/wp\/v2\/posts\/1135\/revisions"}],"predecessor-version":[{"id":1140,"href":"https:\/\/consuladobarcelona.gob.ve\/webalterna\/wp-json\/wp\/v2\/posts\/1135\/revisions\/1140"}],"wp:featuredmedia":[{"embeddable":true,"href":"https:\/\/consuladobarcelona.gob.ve\/webalterna\/wp-json\/wp\/v2\/media\/1136"}],"wp:attachment":[{"href":"https:\/\/consuladobarcelona.gob.ve\/webalterna\/wp-json\/wp\/v2\/media?parent=1135"}],"wp:term":[{"taxonomy":"category","embeddable":true,"href":"https:\/\/consuladobarcelona.gob.ve\/webalterna\/wp-json\/wp\/v2\/categories?post=1135"},{"taxonomy":"post_tag","embeddable":true,"href":"https:\/\/consuladobarcelona.gob.ve\/webalterna\/wp-json\/wp\/v2\/tags?post=1135"}],"curies":[{"name":"wp","href":"https:\/\/api.w.org\/{rel}","templated":true}]}}