{"id":1128,"date":"2019-05-02T10:51:23","date_gmt":"2019-05-02T09:51:23","guid":{"rendered":"http:\/\/consuladobarcelona.gob.ve\/webalterna\/?p=1128"},"modified":"2019-05-02T10:51:23","modified_gmt":"2019-05-02T09:51:23","slug":"1mayo-desde-barcelona-otra-muestra-de-solidaridad-con-el-pueblo-de-venezuela","status":"publish","type":"post","link":"https:\/\/consuladobarcelona.gob.ve\/webalterna\/1mayo-desde-barcelona-otra-muestra-de-solidaridad-con-el-pueblo-de-venezuela\/","title":{"rendered":"1Mayo, desde Barcelona otra muestra de solidaridad con el pueblo de Venezuela"},"content":{"rendered":"<p>Durante la manifestaci\u00f3n con motivo del D\u00eda del Trabajador, este 1 de mayo en Barcelona, varios miembros de la Plataforma Catalana de Solidaridad con Venezuela manifestaron su apoyo al pueblo y al legitimo gobierno de la naci\u00f3n caribe\u00f1a, tras la intentona golpista puesta en marcha este martes en Caracas con el auspicio de Estados Unidos y el Grupo de Lima.<\/p>\n<p>\u00ab<strong>Nosotros hemos conocido lo que es una dictadura de 40 a\u00f1os, y la batalla de Venezuela es tambi\u00e9n nuestra batalla por la libertad, la igualdad y la democracia<\/strong>\u00bb afirm\u00f3 Albert Escofet, con en las manos una pancarta en apoyo a la Revoluci\u00f3n Bolivariana. La maniobra golpista de este martes, dijo, fue <strong>una \u00abpatochada rid\u00edcula\u00bb, aunque peligrosa<\/strong>: \u00abEs algo incre\u00edble la incapacidad e impotencia y al mismo tiempo el odio el rencor que tienen al pueblo venezolano y a su democracia, poniendo en peligro la paz y la libertad\u00bb de todo el pa\u00eds, decret\u00f3.<\/p>\n<p>Angi Salazar habl\u00f3 por su parte de \u00abun retroceso impresionante en lo que es la democracia en el mundo\u00bb, condenando en particular el apoyo a los golpistas brindado por diferentes gobiernos de derecha. \u00abUn golpe de estado como el que se ha vuelto a intentar en Venezuela es inaguantable, pero<strong> el pueblo venezolano ha salido a la calle y ha dicho que no va a soportar ninguno m\u00e1s y que va a luchar por su Revoluci\u00f3n Bolivariana<\/strong>\u00ab.<\/p>\n<p>Ceferino Alonso calific\u00f3 la intentona golpista como \u00ab<strong>una intromisi\u00f3n en los asuntos internos de un pa\u00eds que en Europa nunca se habr\u00eda tolerado<\/strong>. En cambio en Am\u00e9rica, con el benepl\u00e1cito del presidente de EEUU, si que se permite. No hay derecho. El pueblo venezolano tiene que elegir su camino, y lo ha elegido ya votando a Maduro como Presidente\u00bb.<\/p>\n<p>Ondeando una bandera a ocho estrellas y una cubana, Gustavo De La Torre tambi\u00e9n conden\u00f3 el intento de golpe de estado de este martes, enmarcadolo en un \u00abgolpe continuado\u00bb: \u00abCondenamos rotundamente todo intento de golpe de estado contra la soberan\u00eda y la constitucionalidad de la Rep\u00fablica Bolivariana de Venezuela. <strong>No a la injerencia. No a las sanciones econ\u00f3micas. No al bloqueo. No a los golpes de estado. No al servilismo de la oposici\u00f3n al imperialismo yankee<\/strong>\u00bb afirm\u00f3.<\/p>\n","protected":false},"excerpt":{"rendered":"<p>Durante la manifestaci\u00f3n con motivo del D\u00eda del Trabajador, este 1 de mayo en Barcelona, varios miembros de la Plataforma Catalana de Solidaridad con Venezuela manifestaron su apoyo al pueblo y al legitimo gobierno de la naci\u00f3n caribe\u00f1a, tras la intentona golpista puesta en marcha este martes en Caracas con el auspicio de Estados Unidos\u2026 <span class=\"read-more\"><a href=\"https:\/\/consuladobarcelona.gob.ve\/webalterna\/1mayo-desde-barcelona-otra-muestra-de-solidaridad-con-el-pueblo-de-venezuela\/\">Leer m\u00e1s &raquo;<\/a><\/span><\/p>\n","protected":false},"author":3,"featured_media":1129,"comment_status":"closed","ping_status":"closed","sticky":false,"template":"","format":"standard","meta":{"footnotes":""},"categories":[5],"tags":[],"class_list":["post-1128","post","type-post","status-publish","format-standard","has-post-thumbnail","hentry","category-noticias"],"_links":{"self":[{"href":"https:\/\/consuladobarcelona.gob.ve\/webalterna\/wp-json\/wp\/v2\/posts\/1128","targetHints":{"allow":["GET"]}}],"collection":[{"href":"https:\/\/consuladobarcelona.gob.ve\/webalterna\/wp-json\/wp\/v2\/posts"}],"about":[{"href":"https:\/\/consuladobarcelona.gob.ve\/webalterna\/wp-json\/wp\/v2\/types\/post"}],"author":[{"embeddable":true,"href":"https:\/\/consuladobarcelona.gob.ve\/webalterna\/wp-json\/wp\/v2\/users\/3"}],"replies":[{"embeddable":true,"href":"https:\/\/consuladobarcelona.gob.ve\/webalterna\/wp-json\/wp\/v2\/comments?post=1128"}],"version-history":[{"count":1,"href":"https:\/\/consuladobarcelona.gob.ve\/webalterna\/wp-json\/wp\/v2\/posts\/1128\/revisions"}],"predecessor-version":[{"id":1130,"href":"https:\/\/consuladobarcelona.gob.ve\/webalterna\/wp-json\/wp\/v2\/posts\/1128\/revisions\/1130"}],"wp:featuredmedia":[{"embeddable":true,"href":"https:\/\/consuladobarcelona.gob.ve\/webalterna\/wp-json\/wp\/v2\/media\/1129"}],"wp:attachment":[{"href":"https:\/\/consuladobarcelona.gob.ve\/webalterna\/wp-json\/wp\/v2\/media?parent=1128"}],"wp:term":[{"taxonomy":"category","embeddable":true,"href":"https:\/\/consuladobarcelona.gob.ve\/webalterna\/wp-json\/wp\/v2\/categories?post=1128"},{"taxonomy":"post_tag","embeddable":true,"href":"https:\/\/consuladobarcelona.gob.ve\/webalterna\/wp-json\/wp\/v2\/tags?post=1128"}],"curies":[{"name":"wp","href":"https:\/\/api.w.org\/{rel}","templated":true}]}}